{"id":150209,"date":"2024-09-23T19:48:21","date_gmt":"2024-09-23T22:48:21","guid":{"rendered":"http:\/\/argentinamunicipal.com.ar\/argentina\/?p=150209"},"modified":"2024-09-23T19:48:21","modified_gmt":"2024-09-23T22:48:21","slug":"escobar-fiesta-nacional-de-la-flor-del-28-al-6-de-octubre","status":"publish","type":"post","link":"http:\/\/argentinamunicipal.com.ar\/argentina\/escobar-fiesta-nacional-de-la-flor-del-28-al-6-de-octubre\/","title":{"rendered":"Escobar; Fiesta Nacional de la Flor, del 28 al 6 de octubre"},"content":{"rendered":"<p>Falta muy poco para el inicio de la 61\u00b0 edici\u00f3n de la Fiesta Nacional de la Flor y m\u00e1s de 120 expositores de todo el pa\u00eds ya confirmaron su presencia en el evento de floricultura m\u00e1s grande de Latinoam\u00e9rica, que re\u00fane a la comunidad escobarense y convoca a visitantes de la regi\u00f3n. En la fiesta habr\u00e1 m\u00e1s de 60 puestos de venta y decenas de emprendedores gastron\u00f3micos para que el p\u00fablico pueda disfrutar de cada jornada y de todas las propuestas artisticas y recreativas.<\/p>\n<p>As\u00ed, a partir del s\u00e1bado 28 de septiembre hasta el domingo 6 de octubre inclusive, el ic\u00f3nico Predio Floral ubicado en Mateo Gelves 1050 (Bel\u00e9n de Escobar) recibir\u00e1 como siempre a miles de visitantes para que puedan recorrer los dos pabellones con m\u00e1s de 400 variedades de plantas y flores, actividades para todas las edades y shows de artistas de renombre. Este a\u00f1o la flor insignia ser\u00e1 San Vicente, una especie originaria de Asia Oriental y Europa que significa \u00abFlor de Oro\u00bb y fue elegida como el s\u00edmbolo nacional de Jap\u00f3n.<\/p>\n<p>La Fiesta Nacional de la Flor abrir\u00e1 los viernes y s\u00e1bados de 9 a 20 horas, y domingos a jueves de 9 a 19. Los tickets para visitar el predio se compran online a trav\u00e9s de www.tuentrada.com y f\u00edsicamente en la boleter\u00eda del Predio Floral o el Teatro Seminari. El costo general de las entradas para los vecinos y vecinas de Escobar ser\u00e1 de $3.000, mientras que para jubilados del distrito y menores de 10 a\u00f1os el acceso ser\u00e1 gratuito. Para el resto del p\u00fablico, el precio ser\u00e1 de $4.000.<\/p>\n<h6>Fuente: zonanortehoy.com<\/h6>\n","protected":false},"excerpt":{"rendered":"<p>Falta muy poco para el inicio de la 61\u00b0 edici\u00f3n de la Fiesta Nacional de la Flor y m\u00e1s de 120 expositores de todo el pa\u00eds ya confirmaron su presencia en el evento de floricultura m\u00e1s grande de Latinoam\u00e9rica<\/p>\n","protected":false},"author":2,"featured_media":150210,"comment_status":"closed","ping_status":"closed","sticky":false,"template":"","format":"standard","meta":{"footnotes":""},"categories":[47],"tags":[12],"class_list":["post-150209","post","type-post","status-publish","format-standard","has-post-thumbnail","hentry","category-fiestas","tag-buenos-aires"],"_links":{"self":[{"href":"http:\/\/argentinamunicipal.com.ar\/argentina\/wp-json\/wp\/v2\/posts\/150209","targetHints":{"allow":["GET"]}}],"collection":[{"href":"http:\/\/argentinamunicipal.com.ar\/argentina\/wp-json\/wp\/v2\/posts"}],"about":[{"href":"http:\/\/argentinamunicipal.com.ar\/argentina\/wp-json\/wp\/v2\/types\/post"}],"author":[{"embeddable":true,"href":"http:\/\/argentinamunicipal.com.ar\/argentina\/wp-json\/wp\/v2\/users\/2"}],"replies":[{"embeddable":true,"href":"http:\/\/argentinamunicipal.com.ar\/argentina\/wp-json\/wp\/v2\/comments?post=150209"}],"version-history":[{"count":0,"href":"http:\/\/argentinamunicipal.com.ar\/argentina\/wp-json\/wp\/v2\/posts\/150209\/revisions"}],"wp:featuredmedia":[{"embeddable":true,"href":"http:\/\/argentinamunicipal.com.ar\/argentina\/wp-json\/wp\/v2\/media\/150210"}],"wp:attachment":[{"href":"http:\/\/argentinamunicipal.com.ar\/argentina\/wp-json\/wp\/v2\/media?parent=150209"}],"wp:term":[{"taxonomy":"category","embeddable":true,"href":"http:\/\/argentinamunicipal.com.ar\/argentina\/wp-json\/wp\/v2\/categories?post=150209"},{"taxonomy":"post_tag","embeddable":true,"href":"http:\/\/argentinamunicipal.com.ar\/argentina\/wp-json\/wp\/v2\/tags?post=150209"}],"curies":[{"name":"wp","href":"https:\/\/api.w.org\/{rel}","templated":true}]}}