{"id":150234,"date":"2024-09-19T06:34:32","date_gmt":"2024-09-19T09:34:32","guid":{"rendered":"http:\/\/argentinamunicipal.com.ar\/argentina\/?p=150234"},"modified":"2024-09-19T06:34:32","modified_gmt":"2024-09-19T09:34:32","slug":"las-heras-la-referente-del-comedor-los-horneritos-anuncio-el-cierre-por-falta-de-donaciones","status":"publish","type":"post","link":"http:\/\/argentinamunicipal.com.ar\/argentina\/las-heras-la-referente-del-comedor-los-horneritos-anuncio-el-cierre-por-falta-de-donaciones\/","title":{"rendered":"Las Heras: La referente del comedor Los Horneritos anunci\u00f3 el cierre por falta de donaciones"},"content":{"rendered":"<p>Este mi\u00e9rcoles entregar\u00e1n fideos, caldos y galletas como \u00faltima cena. La factura de la luz tambi\u00e9n colabor\u00f3 en la decisi\u00f3n de cerrar el comedor de Las Heras<\/p>\n<p>Despu\u00e9s de haber alimentado a m\u00e1s de 250 familias durante cinco a\u00f1os, incluida la pandemia, el comedor Los Horneritos anunci\u00f3 que cerrar\u00e1 sus puertas este mi\u00e9rcoles. Gabriela Carmona, quien quedar\u00e1 para siempre marcada en la historia de cientos de ni\u00f1os lasherinos, asegur\u00f3 que no dan abasto con los gastos de luz, comida y otros necesarios para llevar adelante la actividad.<\/p>\n<p>La factura de la electricidad se convirti\u00f3 en un flagelo en los bolsillos de los que menos tienen, y un testigo de ello es este comedor ubicado en la calle Arist\u00f3bulo del Valle al 5.000 de Las Heras. La \u00faltima boleta les lleg\u00f3 por un valor de\u00a0$250 mil.<\/p>\n<p>Adem\u00e1s, se les sum\u00f3 otro problema: el lugar donde un vecino les ofrec\u00eda espacio para almacenar la le\u00f1a utilizada en la cocina ya no lo pueden usar. Esto les oblig\u00f3 a buscar otro lote en El Algarrobal, lo que les implic\u00f3 otro gasto de $100 mil en el flete de dos camiones.<\/p>\n<p>\u00abNosotros para poder llenar una olla tenemos que usar mucha verdura. Por ejemplo, en una sola comida\u00a0usamos seis bolsas de papas, cinco de zapallo, cuatro de cebolla, adem\u00e1s de pimientos y salsa. Para reunir todos los ingredientes, a veces tardamos varios d\u00edas o incluso semanas\u00bb, explic\u00f3 Gabi, quien hace cinco a\u00f1os abri\u00f3 su hogar con la intenci\u00f3n de brindar un poco de esperanza al barrio.<\/p>\n<p>Por si fuera poco, hace dos semanas que\u00a0no reciben donaciones de verduras ni de carne. El \u00faltimo men\u00fa, que se servir\u00e1 este mi\u00e9rcoles, consistir\u00e1 en paquetes de fideos, calditos y algunas galletas para que las familias puedan cocinar en sus hogares.<\/p>\n<p><strong>Academia de Ballet, comida y ayudas a ni\u00f1os<\/strong><br \/>\nEl\u00a0comedor Los Horneritos\u00a0adem\u00e1s de entregar\u00a0comida a casi 3.000 personas, tiene una\u00a0academia de ballet\u00a0para que puedan practicar los ni\u00f1os y ni\u00f1as de la zona. Con los pocos recursos alquilan un sal\u00f3n y le pagan a una profesora.<\/p>\n<p>Ayudan a dos ni\u00f1os del barrio: Efrain, un beb\u00e9 con par\u00e1lisis cerebral, y a Patricio, un ni\u00f1o con autismo.<\/p>\n<p>Los ni\u00f1os son una prioridad\u00a0para Los Horneritos. Para este d\u00eda del ni\u00f1o rompieron un r\u00e9cord hist\u00f3rico:\u00a0elaboraron una torta de 2 toneladas, 15 metros de largo y 1,20 metros de ancho en plena\u00a0plaza Independencia.<\/p>\n<p>\u00abHicimos lo de la torta porque era un compromiso que ten\u00edamos y quer\u00edamos\u00a0demostrar que entre todos podemos\u00a0aportar un granito de arena para cambiar la realidad de las personas. Y entre todos pudimos hacer una torta de dos toneladas\u00bb, concluy\u00f3 emocionada por el recuerdo de una haza\u00f1a que quedar\u00e1 para siempre en el coraz\u00f3n de cientos de peque\u00f1os, que para algunos pudo haber sido el primer festejo del D\u00eda del Ni\u00f1o con una torta.<\/p>\n<p><strong>En junio prepararon casi una tonelada de comida para 3.500 personas<\/strong><br \/>\nLa situaci\u00f3n es alarmante, lo hab\u00eda advertido Gabriela Carmona, fundadora del\u00a0comedor Los Horneritos\u00a0que en la noche del martes 4 de junio dio de\u00a0comer a unas 3.500 personas. La fila super\u00f3 las cuatro cuadras, sin contar a los jubilados, ni\u00f1os y embarazadas que tienen prioridad.<\/p>\n<p><strong>Se cocinaron 900 kilos de comida. Casi una tonelada. Y no alcanz\u00f3.<\/strong><\/p>\n<p>Dos familias que esperaron su turno m\u00e1s las 15 familias de los colaboradores del comedor no llegaron a recibir su plato de fideos con tuco y carne.<\/p>\n<p>\u00abTenemos miedo\u00bb, relat\u00f3 en ese momento. \u00abMiedo del hambre de la gente.\u00a0De que se peleen entre ellos por la desesperaci\u00f3n por ver que no va a alcanzar para darles un plato\u00bb, agrega sobre lo que vivi\u00f3 anoche y teme que se acreciente en los pr\u00f3ximos d\u00edas.<\/p>\n<p>El comedor no daba abasto. Nada parec\u00eda ser suficiente. Y hoy el comedor que se repuso a diferentes adversidades parece haber llegado a su fin por falta de recursos.<\/p>\n<h6>Fuente: Uno<\/h6>\n","protected":false},"excerpt":{"rendered":"<p>Este mi\u00e9rcoles entregar\u00e1n fideos, caldos y galletas como \u00faltima cena. La factura de la luz tambi\u00e9n colabor\u00f3 en la decisi\u00f3n de cerrar el comedor de Las Heras<\/p>\n","protected":false},"author":2,"featured_media":150235,"comment_status":"closed","ping_status":"closed","sticky":false,"template":"","format":"standard","meta":{"footnotes":""},"categories":[2],"tags":[31],"class_list":["post-150234","post","type-post","status-publish","format-standard","has-post-thumbnail","hentry","category-informe-municipal","tag-mendoza"],"_links":{"self":[{"href":"http:\/\/argentinamunicipal.com.ar\/argentina\/wp-json\/wp\/v2\/posts\/150234","targetHints":{"allow":["GET"]}}],"collection":[{"href":"http:\/\/argentinamunicipal.com.ar\/argentina\/wp-json\/wp\/v2\/posts"}],"about":[{"href":"http:\/\/argentinamunicipal.com.ar\/argentina\/wp-json\/wp\/v2\/types\/post"}],"author":[{"embeddable":true,"href":"http:\/\/argentinamunicipal.com.ar\/argentina\/wp-json\/wp\/v2\/users\/2"}],"replies":[{"embeddable":true,"href":"http:\/\/argentinamunicipal.com.ar\/argentina\/wp-json\/wp\/v2\/comments?post=150234"}],"version-history":[{"count":0,"href":"http:\/\/argentinamunicipal.com.ar\/argentina\/wp-json\/wp\/v2\/posts\/150234\/revisions"}],"wp:featuredmedia":[{"embeddable":true,"href":"http:\/\/argentinamunicipal.com.ar\/argentina\/wp-json\/wp\/v2\/media\/150235"}],"wp:attachment":[{"href":"http:\/\/argentinamunicipal.com.ar\/argentina\/wp-json\/wp\/v2\/media?parent=150234"}],"wp:term":[{"taxonomy":"category","embeddable":true,"href":"http:\/\/argentinamunicipal.com.ar\/argentina\/wp-json\/wp\/v2\/categories?post=150234"},{"taxonomy":"post_tag","embeddable":true,"href":"http:\/\/argentinamunicipal.com.ar\/argentina\/wp-json\/wp\/v2\/tags?post=150234"}],"curies":[{"name":"wp","href":"https:\/\/api.w.org\/{rel}","templated":true}]}}