{"id":150252,"date":"2024-09-23T05:02:25","date_gmt":"2024-09-23T08:02:25","guid":{"rendered":"http:\/\/argentinamunicipal.com.ar\/argentina\/?p=150252"},"modified":"2024-09-19T19:02:43","modified_gmt":"2024-09-19T22:02:43","slug":"informe-preocupante-mas-del-50-de-los-trabajadores-en-cuyo-tienen-empleos-precarios","status":"publish","type":"post","link":"http:\/\/argentinamunicipal.com.ar\/argentina\/informe-preocupante-mas-del-50-de-los-trabajadores-en-cuyo-tienen-empleos-precarios\/","title":{"rendered":"Informe preocupante: m\u00e1s del 50% de los trabajadores en Cuyo tienen empleos precarios"},"content":{"rendered":"<p>Un informe advierte sobre la creciente precarizaci\u00f3n laboral en las tres provincias de Cuyo. Valentina Ledda, soci\u00f3loga de UNCuyo, explic\u00f3 que la situaci\u00f3n afecta a m\u00e1s del 50% de los trabajadores.<\/p>\n<p>Ayer martes se present\u00f3 el informe de investigaci\u00f3n \u00abDiagn\u00f3stico Socioecon\u00f3mico de la Regi\u00f3n Cuyo: La evoluci\u00f3n de la estructura productiva, el mercado de trabajo y las condiciones de vida en el per\u00edodo 2010-2023\u00bb. El documento aborda la evoluci\u00f3n de la estructura productiva de la regi\u00f3n, las caracter\u00edsticas del mercado laboral y los \u00edndices de pobreza e indigencia. El estudio revela que la pobreza en Cuyo ha sido m\u00e1s alta que el promedio nacional, con una leve reducci\u00f3n entre 2010 y 2013, seguida de un aumento desde 2014. Para profundizar dialog\u00f3 con MDZ Radio 105.5 FM una de las presentadoras del informe Valentina Ledda, Lic. en Sociolog\u00eda, becaria doctoral CONICET-Instituto de Trabajo y Producci\u00f3n-UNCuyo.<\/p>\n<p>\u00abAyer hicimos una presentaci\u00f3n de un informe de investigaci\u00f3n donde abordamos tres tem\u00e1ticas. Por un lado, la estructura productiva de la regi\u00f3n y sus provincias, algunas caracter\u00edsticas del mercado de trabajo y los \u00edndices de pobreza e indigencia\u00bb, coment\u00f3 Ledda quien explic\u00f3 que seg\u00fan el relevamiento \u00aben la regi\u00f3n de Cuyo, durante los 13 a\u00f1os que analizamos con indicadores de pobreza por ingreso, el porcentaje de personas pobres fue mucho m\u00e1s elevado que a nivel nacional. Hubo un descenso de este porcentaje entre 2010 y 2013 y a partir de 2014 un incremento hasta estos \u00faltimos a\u00f1os\u00bb.<\/p>\n<p>Dentro de la regi\u00f3n de Cuyo tambi\u00e9n hay algunas diferenciaciones: \u00abPara el a\u00f1o 2023 San Luis era la provincia m\u00e1s pobre, con un 49,4% de personas bajo la l\u00ednea de la pobreza. Mendoza se ubicaba en el segundo lugar con un 44,6% y San Juan en tercer lugar, con un 42%. Lo que s\u00ed marc\u00e1bamos de Mendoza es que aunque no sea la que m\u00e1s pobreza tiene para el a\u00f1o 2023, s\u00ed es la provincia donde m\u00e1s se elev\u00f3 este indicador. En 2010 Mendoza era la provincia con menor pobreza respecto de San Juan y San Luis que ten\u00edan porcentajes m\u00e1s elevados\u00bb.<\/p>\n<p>La entrevistada destac\u00f3 que la influencia productiva respecto de la miner\u00eda en San Juan no es un factor fundamental en cuanto a porcentajes ya que en primer lugar\u00a0\u00abel boom de la miner\u00eda en San Juan fue hasta 2010 y nosotros tomamos de 2010 a 2023, en donde ya empieza a haber una ca\u00edda en el valor agregado que produce la miner\u00eda en San Juan. Eso tambi\u00e9n tiene su impacto en los indicadores sociales, pero\u00a0la miner\u00eda no soluciona problem\u00e1ticas estructurales de toda la sociedad. Si bien genera un\u00a0trabajo\u00a0con mejores remuneraciones, en t\u00e9rminos porcentuales\u00a0no es tan representativo\u00bb. Y agreg\u00f3 que no\u00a0alcanza con explotar el recurso natural y exportarlo, sino\u00a0que \u00abse trata de generar actividades m\u00e1s productivas, actividades industriales, agregar valor a esos recursos naturales y, obviamente, discutir el impacto ambiental que esto tiene para las poblaciones que residen en los lugares donde se encuentran estos recursos\u00bb.<\/p>\n<p>Por otro lado, la tasa de precariedad \u00abes mucho m\u00e1s alta en la regi\u00f3n Cuyo en la comparaci\u00f3n con el total pa\u00eds. En todas las provincias esta tasa supera el 50%. En la provincia donde m\u00e1s precariedad hay es San Juan. En 2023 el indicador marc\u00f3 un 56% de ocupados que ten\u00edan un empleo precario, seguido por San Luis con un 55% y Mendoza con un 52%. En las tres provincias m\u00e1s de la mitad de los ocupados tienen un empleo precario\u00bb. Para continuar, Ledda explic\u00f3 el concepto de precariedad laboral entendida como aquellas y aquellos trabajadores, ya sea en relaci\u00f3n de dependencia o que trabajan por su cuenta, que no tienen aportes a la Seguridad Social\u00bb. Asegur\u00f3 que esta situaci\u00f3n est\u00e1 completamente vinculada a \u00abtoda la problem\u00e1tica que estamos viendo de las jubilaciones\u00bb.<\/p>\n<p>\u00abEste proceso no comenz\u00f3 en la \u00faltima d\u00e9cada, sino que es un deterioro en el mercado laboral que viene desde la d\u00e9cada de los 90, con algunas mejoras en la primera d\u00e9cada del 2000 del siglo, pero fueron mejoras que no pudieron romper con pisos muy altos de precariedad laboral y claramente es una problem\u00e1tica estructural\u00bb, dijo Ledda y sum\u00f3 que en este sentido es \u00abimportante pensar sistemas de pensiones y jubilaciones que contemplen que mucha gente si trabaj\u00f3 durante toda su vida y sin embargo empleadores, o ellos mismos, no pudieron aportar al tema de la seguridad social, pero s\u00ed fueron personas que trabajaron y que tuvieron empleadas. Ah\u00ed me parece importante destacar que son importantes las moratorias previsionales, a diferencia de lo que est\u00e1 planteando hoy en d\u00eda el Gobierno nacional, porque no son subsidios. Es reconocimiento al trabajo para personas que lo hicieron en una situaci\u00f3n de precariedad y por lo tanto no tuvieron aportes\u00bb.<\/p>\n<p>Por \u00faltimo, y a modo de perspectiva en lo que podr\u00eda ser una soluci\u00f3n de fondo, destac\u00f3: \u00abLo que hay que pensar es en c\u00f3mo se redistribuye mejor toda la riqueza que\u00a0genera en este pa\u00eds e invertir en los sectores m\u00e1s vulnerables que hoy en d\u00eda son los ni\u00f1os, las ni\u00f1as y los adolescentes y nuestros adultos mayores\u00bb.<\/p>\n<h6>Fuente: MDZ<\/h6>\n","protected":false},"excerpt":{"rendered":"<p>Un informe advierte sobre la creciente precarizaci\u00f3n laboral en las tres provincias de Cuyo. Valentina Ledda, soci\u00f3loga de UNCuyo, explic\u00f3 que la situaci\u00f3n afecta a m\u00e1s del 50% de los trabajadores.<\/p>\n","protected":false},"author":2,"featured_media":150253,"comment_status":"closed","ping_status":"closed","sticky":false,"template":"","format":"standard","meta":{"footnotes":""},"categories":[2],"tags":[31],"class_list":["post-150252","post","type-post","status-publish","format-standard","has-post-thumbnail","hentry","category-informe-municipal","tag-mendoza"],"_links":{"self":[{"href":"http:\/\/argentinamunicipal.com.ar\/argentina\/wp-json\/wp\/v2\/posts\/150252","targetHints":{"allow":["GET"]}}],"collection":[{"href":"http:\/\/argentinamunicipal.com.ar\/argentina\/wp-json\/wp\/v2\/posts"}],"about":[{"href":"http:\/\/argentinamunicipal.com.ar\/argentina\/wp-json\/wp\/v2\/types\/post"}],"author":[{"embeddable":true,"href":"http:\/\/argentinamunicipal.com.ar\/argentina\/wp-json\/wp\/v2\/users\/2"}],"replies":[{"embeddable":true,"href":"http:\/\/argentinamunicipal.com.ar\/argentina\/wp-json\/wp\/v2\/comments?post=150252"}],"version-history":[{"count":0,"href":"http:\/\/argentinamunicipal.com.ar\/argentina\/wp-json\/wp\/v2\/posts\/150252\/revisions"}],"wp:featuredmedia":[{"embeddable":true,"href":"http:\/\/argentinamunicipal.com.ar\/argentina\/wp-json\/wp\/v2\/media\/150253"}],"wp:attachment":[{"href":"http:\/\/argentinamunicipal.com.ar\/argentina\/wp-json\/wp\/v2\/media?parent=150252"}],"wp:term":[{"taxonomy":"category","embeddable":true,"href":"http:\/\/argentinamunicipal.com.ar\/argentina\/wp-json\/wp\/v2\/categories?post=150252"},{"taxonomy":"post_tag","embeddable":true,"href":"http:\/\/argentinamunicipal.com.ar\/argentina\/wp-json\/wp\/v2\/tags?post=150252"}],"curies":[{"name":"wp","href":"https:\/\/api.w.org\/{rel}","templated":true}]}}