{"id":150341,"date":"2024-09-25T05:25:31","date_gmt":"2024-09-25T08:25:31","guid":{"rendered":"http:\/\/argentinamunicipal.com.ar\/argentina\/?p=150341"},"modified":"2024-09-23T19:30:30","modified_gmt":"2024-09-23T22:30:30","slug":"reforma-constitucional-santafesina-distribucion-de-diputados-mandatos-comunales-y-el-reiterado-debate-de-la-reeleccion","status":"publish","type":"post","link":"http:\/\/argentinamunicipal.com.ar\/argentina\/reforma-constitucional-santafesina-distribucion-de-diputados-mandatos-comunales-y-el-reiterado-debate-de-la-reeleccion\/","title":{"rendered":"Reforma constitucional santafesina: distribuci\u00f3n de diputados, mandatos comunales y el reiterado debate de la reelecci\u00f3n"},"content":{"rendered":"<p>El oficialismo volvi\u00f3 a poner en agenda la reforma constitucional provincial, y espera votar la ley antes del 30 de noviembre. Cu\u00e1les son las claves del debate.<\/p>\n<p>Tras anotarse el triunfo de la reforma previsional, el oficialismo volvi\u00f3 a poner en agenda la reforma constitucional de la provincia en Santa Fe. Se trata de un viejo anhelo de consecutivas gestiones, ya que Santa Fe tiene la Constituci\u00f3n m\u00e1s antigua de todo el pa\u00eds (fue sancionada en 1962), y es la \u00fanica provincia que no renov\u00f3 su ley suprema tras la reforma constitucional a nivel nacional en 1994.<\/p>\n<p>La intenci\u00f3n del gobierno provincial es que la Legislatura vote la ley que declare la necesidad de la reforma antes del 30 de noviembre, para que en las elecciones del 2025 los santafesinos elijan a los convencionales constituyentes que la redacten. Pero esa ley necesita una mayor\u00eda especial de dos tercios de ambas C\u00e1maras, la cual el oficialismo posee en el Senado pero no en Diputados. Es decir, debe lograr necesariamente un acuerdo con alg\u00fan sector de la oposici\u00f3n en un poder legislativo donde los \u00e1nimos quedaron caldeados tras los incidentes en el debate de la reforma previsional.<\/p>\n<p>Unidos para Cambiar Santa Fe deber\u00e1 negociar con alguno de los frentes opositores, con algunos denominadores com\u00fan puestos sobre el tablero. Estos ata\u00f1en al Poder Legislativo en cuanto al a distribuci\u00f3n de las bancas en Diputados; una posible nueva afrenta al Poder Judicial con el que hay tensi\u00f3n por el pedido de que den un paso al costado a los jueces de la Corte Suprema; y por supuesto, el quid de la cuesti\u00f3n, la reelecci\u00f3n del gobernador. Este \u00faltimo punto ha sido el principal escollo por el que pasadas gestiones no lograron ponerse de acuerdo con la oposici\u00f3n y avanzar de una buena vez en una reforma constitucional que urge, teniendo en cuenta lo antiguo del actual texto. Cabe recordar que el senador Felipe Michlig, uno de los principales referentes del oficialismo e impulsor de la candidatura del actual mandatario Maximiliano Pullaro, asegur\u00f3 que \u00abel gobernador no busca incluir una reelecci\u00f3n\u00bb.<\/p>\n<p><strong>Consulta popular, Diputados, y senadores<\/strong><br \/>\nEl polit\u00f3logo santafesino\u00a0Alberto Ford\u00a0dialog\u00f3 con\u00a0UNO Santa Fe\u00a0al respecto, y expres\u00f3 que \u00abevidentemente hay, por un lado, una intenci\u00f3n de Pullaro de impulsar la reelecci\u00f3n, la forma de integraci\u00f3n del Poder Legislativo, y tal vez algo vinculado al Poder Judicial\u00bb.<\/p>\n<p>\u00abDespu\u00e9s est\u00e1n los mecanismos de democracia participativa, nada muy novedoso ya que se trata de institutos que est\u00e1n ya presentes en la Constituci\u00f3n Nacional Reformada, pero ser\u00edan nuevos para la constituci\u00f3n de Santa Fe\u00bb, indic\u00f3 haciendo referencia a la consulta popular y el refer\u00e9ndum.<\/p>\n<p>Sobre la forma de distribuci\u00f3n de las bancas en diputados, Ford enfatiz\u00f3 que\u00a0Santa Fe es la \u00fanica provincia donde el partido que resulta victorioso, sin importar la diferencia, obtiene 28 esca\u00f1os.\u00a0Los restantes 22 se distribuyen con el sistema D&#8217;Hondt.\u00a0Este ser\u00eda otro punto a modificar, consider\u00f3 el polit\u00f3logo.<\/p>\n<p>En cuanto a la C\u00e1mara Alta, observ\u00f3 que \u00ablos senadores siguen teniendo mucho poder en la provincia\u00bb.<\/p>\n<p>\u00abYo no veo que el gobierno de Pullaro, que se ha metido sin problema con muchos sectores poderosos, se haya metido con los senadores.\u00a0Es uno de los puntos sensibles. Para m\u00ed son justamente los temas que van a negociar, creo que concretamente lo har\u00e1n con el peronismo\u00bb, consider\u00f3 Ford.<\/p>\n<p>El polit\u00f3logo se expres\u00f3 favorable a la reelecci\u00f3n mientras que\u00a0no sea indefinida, sino por un mandato, tal como ocurre con la presidencia de la Naci\u00f3n. Sobre las chances de hallar un punto de encuentro con la oposici\u00f3n, Ford subray\u00f3 que \u00abes una cuesti\u00f3n pol\u00edtica\u00bb, y opin\u00f3 que \u00abpor como le est\u00e1 yendo a Pullaro, si hay reelecci\u00f3n hoy ganar\u00eda. Entonces no hay mucho incentivo para el peronismo de apoyarlo en eso\u00bb.<\/p>\n<p>\u00abYo dudo que pueda salir una reforma si el peronismo no est\u00e1 de acuerdo.\u00a0Pullaro ha mostrado habilidad pol\u00edtica suficiente, y el peronismo hoy no es un bloque un\u00edvoco\u00bb, dijo para concluir.<\/p>\n<p><strong>Presidentes comunales, Consejo de la Magistratura y paritarias<\/strong><br \/>\nPor su parte, el abogado constitucionalista\u00a0Mariano B\u00e4r\u00a0manifest\u00f3 que \u00abel principal inter\u00e9s que tiene la reforma es la reelecci\u00f3n para el actual gobernador\u00bb.<\/p>\n<p>\u00abNadie est\u00e1 en desacuerdo con que los gobernadores de Santa Fe puedan ser reelectos,\u00a0lo que lo trunca siempre es a partir de cu\u00e1ndo.\u00a0Ese es el gran debate, si el oficialismo quiere o no quiere que lo incluya a Pullaro.\u00a0Si quiere, yo creo que va a estar m\u00e1s dif\u00edcil que salga\u00bb, augur\u00f3.<\/p>\n<p>El letrado enfatiz\u00f3 que \u00abhay dos o tres puntos donde hay unanimidad\u00bb, como son\u00a0la extensi\u00f3n de los mandatos de los presidentes comunales a cuatro a\u00f1os, la limitaci\u00f3n de las reelecciones de los intendentes, y el voto opcional a partir los 16 a\u00f1os.<\/p>\n<p>En una opini\u00f3n personal, consider\u00f3 necesaria\u00a0la incorporaci\u00f3n de un Consejo de la Magistratura para la selecci\u00f3n de jueces, y la negociaci\u00f3n paritaria del sector p\u00fablico.<\/p>\n<p>\u00abSer\u00eda bueno para los trabajadores, en un contexto donde los derechos laborales est\u00e1n un poco m\u00e1s enclenques\u00bb, se\u00f1al\u00f3.<\/p>\n<p>Sobre la negociaci\u00f3n en la que la reelecci\u00f3n del gobernador ser\u00e1 lo principal, B\u00e4r augur\u00f3 que\u00a0es \u00abcomplicado, m\u00e1s despu\u00e9s de lo de la reforma previsional\u00bb.<\/p>\n<p>\u00abYo creo que lo que sabe el oficialismo es que tiene las puertas del peronismo y la del sector de Amalia Granata cerradas pr\u00e1cticamente.\u00a0Tiene que ir a buscar los que est\u00e1n sueltos. Eso depende de la habilidad de negociaci\u00f3n que tenga el oficialismo\u00bb, sentenci\u00f3.<\/p>\n<h6>Fuente: Uno<\/h6>\n","protected":false},"excerpt":{"rendered":"<p>El oficialismo volvi\u00f3 a poner en agenda la reforma constitucional provincial, y espera votar la ley antes del 30 de noviembre. Cu\u00e1les son las claves del debate.<\/p>\n","protected":false},"author":2,"featured_media":150343,"comment_status":"closed","ping_status":"closed","sticky":false,"template":"","format":"standard","meta":{"footnotes":""},"categories":[4],"tags":[10],"class_list":["post-150341","post","type-post","status-publish","format-standard","has-post-thumbnail","hentry","category-informe-politico","tag-santa-fe"],"_links":{"self":[{"href":"http:\/\/argentinamunicipal.com.ar\/argentina\/wp-json\/wp\/v2\/posts\/150341","targetHints":{"allow":["GET"]}}],"collection":[{"href":"http:\/\/argentinamunicipal.com.ar\/argentina\/wp-json\/wp\/v2\/posts"}],"about":[{"href":"http:\/\/argentinamunicipal.com.ar\/argentina\/wp-json\/wp\/v2\/types\/post"}],"author":[{"embeddable":true,"href":"http:\/\/argentinamunicipal.com.ar\/argentina\/wp-json\/wp\/v2\/users\/2"}],"replies":[{"embeddable":true,"href":"http:\/\/argentinamunicipal.com.ar\/argentina\/wp-json\/wp\/v2\/comments?post=150341"}],"version-history":[{"count":0,"href":"http:\/\/argentinamunicipal.com.ar\/argentina\/wp-json\/wp\/v2\/posts\/150341\/revisions"}],"wp:featuredmedia":[{"embeddable":true,"href":"http:\/\/argentinamunicipal.com.ar\/argentina\/wp-json\/wp\/v2\/media\/150343"}],"wp:attachment":[{"href":"http:\/\/argentinamunicipal.com.ar\/argentina\/wp-json\/wp\/v2\/media?parent=150341"}],"wp:term":[{"taxonomy":"category","embeddable":true,"href":"http:\/\/argentinamunicipal.com.ar\/argentina\/wp-json\/wp\/v2\/categories?post=150341"},{"taxonomy":"post_tag","embeddable":true,"href":"http:\/\/argentinamunicipal.com.ar\/argentina\/wp-json\/wp\/v2\/tags?post=150341"}],"curies":[{"name":"wp","href":"https:\/\/api.w.org\/{rel}","templated":true}]}}