{"id":15049,"date":"2014-09-23T09:17:01","date_gmt":"2014-09-23T12:17:01","guid":{"rendered":"http:\/\/argentinamunicipal.com.ar\/argentina\/?p=15049"},"modified":"2014-09-23T09:17:01","modified_gmt":"2014-09-23T12:17:01","slug":"el-mercado-norte-de-santa-fe-recupero-su-esplendor-y-reabrio-sus-puertas-tras-decadas-de-abandono","status":"publish","type":"post","link":"http:\/\/argentinamunicipal.com.ar\/argentina\/el-mercado-norte-de-santa-fe-recupero-su-esplendor-y-reabrio-sus-puertas-tras-decadas-de-abandono\/","title":{"rendered":"El Mercado Norte de Santa Fe recuper\u00f3 su esplendor y reabri\u00f3 sus puertas tras d\u00e9cadas de abandono"},"content":{"rendered":"<div id=\"attachment_15050\" style=\"width: 771px\" class=\"wp-caption aligncenter\"><a href=\"http:\/\/argentinamunicipal.com.ar\/argentina\/wp-content\/uploads\/2014\/09\/mercado_norte_manuel_2.jpg_2069580699.jpg\"><img loading=\"lazy\" decoding=\"async\" aria-describedby=\"caption-attachment-15050\" class=\"size-full wp-image-15050\" src=\"http:\/\/argentinamunicipal.com.ar\/argentina\/wp-content\/uploads\/2014\/09\/mercado_norte_manuel_2.jpg_2069580699.jpg\" alt=\"Orgullo local. El espacio fue construido hace casi 90 a\u00f1os y finalmente ayer fue rehabilitado al p\u00fablico.\" width=\"761\" height=\"507\" srcset=\"http:\/\/argentinamunicipal.com.ar\/argentina\/wp-content\/uploads\/2014\/09\/mercado_norte_manuel_2.jpg_2069580699.jpg 761w, http:\/\/argentinamunicipal.com.ar\/argentina\/wp-content\/uploads\/2014\/09\/mercado_norte_manuel_2.jpg_2069580699-300x199.jpg 300w\" sizes=\"auto, (max-width: 761px) 100vw, 761px\" \/><\/a><p id=\"caption-attachment-15050\" class=\"wp-caption-text\">Orgullo local. El espacio fue construido hace casi 90 a\u00f1os y finalmente ayer fue rehabilitado al p\u00fablico.<\/p><\/div>\n<p>El municipio restaur\u00f3 el edificio y volver\u00e1 a ser un cl\u00e1sico en el barrio Constituyentes. Habr\u00e1 26 comercios, un patio de comidas, un s\u00faper y d\u00e1rsena de estacionamiento<\/p>\n<p>\u201cSanta Fe va a tener un lugar para que vengan a visitarnos, porque son tambi\u00e9n espacios para el turismo, donde uno muestra tradiciones: nuestros sabores, olores, gastronom\u00edas. Ojal\u00e1 que este lugar vuelva a vivir mirando de cara al futuro\u201d. As\u00ed sintetiz\u00f3 el intendente santafesino Jos\u00e9 Corral anoche lo que significa la puesta en marcha del Mercado Norte, en Urquiza y Santiago del Estero, espacio que fue rehabilitado ayer en un acto que cont\u00f3 con la presencia del gobernador Antonio Bonfatti y el presidente del Concejo Municipal, Leonardo Simoniello, entre otras autoridades, adem\u00e1s de vecinos y p\u00fablico en general.<\/p>\n<p>\u201cRecuperar el mercado, es recuperar un patrimonio, una tradici\u00f3n familiar, la vida y el esfuerzo de varias generaciones, volver a encontrarnos con la comida saludable. Pero lo que m\u00e1s nos moviliza es el empleo: aqu\u00ed se est\u00e1n generando 120 nuevos puestos de trabajo para la ciudad de Santa Fe. Es una muestra muy concreta de lo que los santafesinos podemos hacer cuando tenemos una meta y trabajamos seriamente\u201d, agreg\u00f3 Corral.<\/p>\n<p>Bonfatti, por su parte, dijo que \u201cesta obra toca la fibra m\u00e1s \u00edntima de la \u00absantafesinidad\u00bb. Muchos se deben acordar de lo que era este viejo mercado. Han tenido la enorme suerte que la Municipalidad no lo vendiera, como lamentablemente ha sucedido en muchos lugares del pa\u00eds. Y tener la suerte de recuperar este enorme patrimonio hist\u00f3rico que tiene una estructura arquitect\u00f3nica, una construcci\u00f3n que tanto a\u00f1oramos, porque tenemos que decirle a nuestros j\u00f3venes de d\u00f3nde venimos\u201d.<\/p>\n<h3><a href=\"http:\/\/argentinamunicipal.com.ar\/argentina\/wp-content\/uploads\/2014\/09\/mercado_norte_manuel_3.jpg_2069580699.jpg\"><img loading=\"lazy\" decoding=\"async\" class=\"aligncenter size-full wp-image-15051\" src=\"http:\/\/argentinamunicipal.com.ar\/argentina\/wp-content\/uploads\/2014\/09\/mercado_norte_manuel_3.jpg_2069580699.jpg\" alt=\"mercado_norte_manuel_3.jpg_2069580699\" width=\"761\" height=\"507\" srcset=\"http:\/\/argentinamunicipal.com.ar\/argentina\/wp-content\/uploads\/2014\/09\/mercado_norte_manuel_3.jpg_2069580699.jpg 761w, http:\/\/argentinamunicipal.com.ar\/argentina\/wp-content\/uploads\/2014\/09\/mercado_norte_manuel_3.jpg_2069580699-300x199.jpg 300w\" sizes=\"auto, (max-width: 761px) 100vw, 761px\" \/><\/a><\/h3>\n<h3>Todo en un solo lugar<\/h3>\n<p>El arduo trabajo a contrarreloj que llevaron a cabo obreros y comerciantes, posibilit\u00f3 que el Mercado Norte luzca impecable y totalmente renovado. A muchos se les escap\u00f3 una l\u00e1grima al recordar con nostalgia el viejo paseo de compras al que llegaban vecinos de distintos puntos de la ciudad. Desde hoy recupera su esplendor e invita a toda Santa Fe a ser parte de la recuperaci\u00f3n de un edificio tan caro a los sentimientos de los santafesinos. Al supermercado \u2013que funciona desde hace algunas semanas en el ala sur\u2013, se le sumar\u00e1n 17 operadores comerciales en la nave central, que adem\u00e1s contar\u00e1 con un patio de comidas, un espacio de arte, un cajero autom\u00e1tico y una caja de Santa Fe Servicios. Y, para facilitar la accesibilidad, se anexaron 18 d\u00e1rsenas de estacionamiento. Paralelamente, se renovar\u00e1n los nueve locales externos que dan a calle Santiago del Estero y a Urquiza.<\/p>\n<h3>Recuperar la historia<\/h3>\n<p>Miguel \u00c1ngel Dalla Fontana, en su libro Barrios Roma y Constituyentes, indica: \u201cEntre 1927 y 1930 se construye el Mercado Norte, antes ubicado en la manzana limitada por 25 de Mayo, Hip\u00f3lito Yrigoyen, San Mart\u00edn y Crespo. Esto fue un acontecimiento para el barrio: genera un polo comercial con la llegada de habitantes de distintas partes de la ciudad. Los primeros puestos fueron de Ag\u00fandez, Miranda, Bultini, Bugliolo, Fulchini, Bellegoti, F\u00e1ez, Ravazola, Lequi, Racagno, Serra, Calamanti, Ferreira, Bolzico, Berga\u00f1a, y Macagno. Hasta entonces, en el barrio Constituyentes, no exist\u00edan carnicer\u00edas, por lo tanto el centro distribuidor era el mercado. Recib\u00eda desde el matadero p\u00fablico el tren de la carne con sus vagones cargados de reses que ingresaban por las v\u00edas que corr\u00edan por su centro\u201d. En 2003 cerraron sus puertas los \u00faltimos puestos internos, que se resist\u00edan a dejar un espacio que hab\u00eda perdido su brillo. Y en 2007 fue el cierre definitivo. Luego se instalaron algunas dependencias municipales y hasta la nave central lleg\u00f3 a utilizarse como un dep\u00f3sito de motos retenidas.<\/p>\n<p>Vale decir que en la d\u00e9cada del 20 la Municipalidad de Santa Fe fue la encargada de dise\u00f1ar el Mercado Norte donde hoy se lo conoce. Nueve d\u00e9cadas despu\u00e9s, el propio municipio fue quien preserv\u00f3 el valor patrimonial y recuper\u00f3 la esencia que lo caracteriz\u00f3 durante viejas \u00e9pocas. A la restauraci\u00f3n del edificio y la reactivaci\u00f3n de los locales exteriores, en los \u00faltimos a\u00f1os se continu\u00f3 trabajando en el interior del local.<\/p>\n<p>Los trabajos realizados fueron hechos merced a una subvenci\u00f3n de 963.000 euros, otorgados por la Comisi\u00f3n Europea (EuropeAid). Vinculado a la mejora, el Concejo aprob\u00f3 d\u00edas atr\u00e1s un plan de estacionamiento especial en la zona.<\/p>\n<h6>Fuente: Uno, Santa Fe<\/h6>\n","protected":false},"excerpt":{"rendered":"<p>El municipio restaur\u00f3 el edificio y volver\u00e1 a ser un cl\u00e1sico en el barrio Constituyentes. Habr\u00e1 26 comercios, un patio de comidas, un s\u00faper y d\u00e1rsena de estacionamiento \u201cSanta Fe va a tener un lugar para que vengan a visitarnos, porque son tambi\u00e9n espacios para el turismo, donde uno muestra tradiciones: nuestros sabores, olores, gastronom\u00edas.<\/p>\n","protected":false},"author":2,"featured_media":15051,"comment_status":"closed","ping_status":"closed","sticky":false,"template":"","format":"standard","meta":{"footnotes":""},"categories":[2],"tags":[10],"class_list":["post-15049","post","type-post","status-publish","format-standard","has-post-thumbnail","hentry","category-informe-municipal","tag-santa-fe"],"_links":{"self":[{"href":"http:\/\/argentinamunicipal.com.ar\/argentina\/wp-json\/wp\/v2\/posts\/15049","targetHints":{"allow":["GET"]}}],"collection":[{"href":"http:\/\/argentinamunicipal.com.ar\/argentina\/wp-json\/wp\/v2\/posts"}],"about":[{"href":"http:\/\/argentinamunicipal.com.ar\/argentina\/wp-json\/wp\/v2\/types\/post"}],"author":[{"embeddable":true,"href":"http:\/\/argentinamunicipal.com.ar\/argentina\/wp-json\/wp\/v2\/users\/2"}],"replies":[{"embeddable":true,"href":"http:\/\/argentinamunicipal.com.ar\/argentina\/wp-json\/wp\/v2\/comments?post=15049"}],"version-history":[{"count":0,"href":"http:\/\/argentinamunicipal.com.ar\/argentina\/wp-json\/wp\/v2\/posts\/15049\/revisions"}],"wp:featuredmedia":[{"embeddable":true,"href":"http:\/\/argentinamunicipal.com.ar\/argentina\/wp-json\/wp\/v2\/media\/15051"}],"wp:attachment":[{"href":"http:\/\/argentinamunicipal.com.ar\/argentina\/wp-json\/wp\/v2\/media?parent=15049"}],"wp:term":[{"taxonomy":"category","embeddable":true,"href":"http:\/\/argentinamunicipal.com.ar\/argentina\/wp-json\/wp\/v2\/categories?post=15049"},{"taxonomy":"post_tag","embeddable":true,"href":"http:\/\/argentinamunicipal.com.ar\/argentina\/wp-json\/wp\/v2\/tags?post=15049"}],"curies":[{"name":"wp","href":"https:\/\/api.w.org\/{rel}","templated":true}]}}