{"id":150590,"date":"2024-10-02T05:45:49","date_gmt":"2024-10-02T08:45:49","guid":{"rendered":"http:\/\/argentinamunicipal.com.ar\/argentina\/?p=150590"},"modified":"2024-10-01T19:37:30","modified_gmt":"2024-10-01T22:37:30","slug":"en-la-era-milei-mas-de-121-mil-mendocinos-cayeron-en-la-pobreza-y-54-mil-en-la-indigencia","status":"publish","type":"post","link":"http:\/\/argentinamunicipal.com.ar\/argentina\/en-la-era-milei-mas-de-121-mil-mendocinos-cayeron-en-la-pobreza-y-54-mil-en-la-indigencia\/","title":{"rendered":"En la era Milei, m\u00e1s de 121 mil mendocinos cayeron en la pobreza y 54 mil en la indigencia"},"content":{"rendered":"<p>A nivel pa\u00eds, la cifra llega a 4 millones de pobres en el primer semestre del 2024 La indigencia se duplic\u00f3 respecto del 2023. Es la cifra m\u00e1s alta desde 2003<\/p>\n<p>Durante el primer semestre del 2024, la pobreza en Argentina lleg\u00f3 al 52,9%, lo que equivale a 15,7 millones de personas, seg\u00fan la \u00faltima medici\u00f3n del INDEC. Los pobres son casi 13% m\u00e1s que hace un a\u00f1o, ni m\u00e1s ni menos que 3,9 millones de individuos m\u00e1s que no alcanzan a cubrir la canasta b\u00e1sica total. En Mendoza, se sumaron 120.000 pobres.<br \/>\nTambi\u00e9n trep\u00f3 fuerte la\u00a0indigencia\u00a0durante\u00a0los primeros 6 meses del gobierno de Javier Milei.<\/p>\n<p>Los indigentes llegan al\u00a018,1%\u00a0(5,4 millones de personas). De un a\u00f1o al otro, es un\u00a0crecimiento de 9 puntos\u00a0porcentuales, es decir, que durante los 6 primeros meses del gobierno de Javier Milei\u00a0la cantidad de indigentes se duplic\u00f3\u00a0respecto a los que hab\u00eda al promediar el \u00faltimo a\u00f1o de Alberto Fern\u00e1ndez en la gesti\u00f3n.<\/p>\n<p><strong>En Mendoza<\/strong><br \/>\nEl valor es el m\u00e1s alto de los \u00faltimos 21 a\u00f1os. Y seg\u00fan la Encuesta de Condiciones de Vida elaborada por el INDEC,\u00a0en Mendoza, ambos \u00edndices tambi\u00e9n dieron un salto importante.<\/p>\n<p>En la provincia, la\u00a0pobreza lleg\u00f3 a 52,9%,\u00a0lo que representa 558.854 personas, unos\u00a0121.000 m\u00e1s que un a\u00f1o atr\u00e1s.<\/p>\n<p>La medici\u00f3n de la\u00a0indigencia alcanz\u00f3 el 13,8%, lo que presenta a 145.326 individuos en Mendoza.<\/p>\n<p>En el mismo per\u00edodo del 2023 la indigencia en Mendoza englobaba a 91.226 personas. Eso significa un 59% m\u00e1s.<\/p>\n<p>En t\u00e9rminos estad\u00edsticos, es decir, son consideradas pobres aquellas personas que no pueden solventar el costo de la Canasta B\u00e1sica Total, que la inflaci\u00f3n dej\u00f3 en m\u00e1s de $709 mil mensuales. Por su parte, la Canasta Alimentaria marca el umbral de los indigentes, un par\u00e1metro que actualmente llega a $349.000.<\/p>\n<p><strong>Pobreza e indigencia hace un a\u00f1o: hogares y personas<\/strong><br \/>\nDurante la\u00a0primera mitad del 2023\u00a0la estad\u00edstica daba\u00a03 millones de hogares\u00a0sumidos en la pobreza (un 29,6%). Su correlato en\u00a0cantidad de personas di\u00f3 11,8 millones, esto es, 40,1% de la poblaci\u00f3n total del pa\u00eds.<\/p>\n<p>Asimismo, para entonces la\u00a0indigencia\u00a0hab\u00eda llegado a 6,8%, o 686 mil hogares. Y en cantidad de personas, el \u00edndice se\u00f1al\u00f3 9,3%, equivalente a 2,7 millones de individuos.<\/p>\n<p>\u00bfY por casa, c\u00f3mo and\u00e1bamos?<\/p>\n<p>Al cabo del primer semestre del 2023 pasado la encuesta de condiciones de vida se\u00f1alaba que\u00a0en Mendoza hab\u00eda 437.497 personas pobres. Un a\u00f1o despu\u00e9s,\u00a0esa cifra se dispar\u00f3 a 558.854, lo que refleja la\u00a0evoluci\u00f3n de casi 13 puntos desde entonces.<\/p>\n<p>Si se toma como indicador la cantidad de\u00a0hogares,\u00a0a junio del 2023 los sumidos en la\u00a0pobreza\u00a0representaban 31,7% del total en la provincia.\u00a0Eran en aqu\u00e9l momento 110.330; y la \u00faltima estad\u00edstica se\u00f1ala que\u00a0actualmente hay 147.662 hogares.<\/p>\n<p>La misma medida en cuanto a\u00a0indigencia\u00a0permite cuantificar el crecimiento. A junio del 2023,\u00a0Mendoza contaba con algo m\u00e1s de 22.800 hogares indigentes, cifra que\u00a0ya super\u00f3 los 35 mil. Es decir, un\u00a0repunte del 60% interanual.<\/p>\n<h6>Fuente: Uno<\/h6>\n","protected":false},"excerpt":{"rendered":"<p>A nivel pa\u00eds, la cifra llega a 4 millones de pobres en el primer semestre del 2024 La indigencia se duplic\u00f3 respecto del 2023. Es la cifra m\u00e1s alta desde 2003<\/p>\n","protected":false},"author":2,"featured_media":150591,"comment_status":"closed","ping_status":"closed","sticky":false,"template":"","format":"standard","meta":{"footnotes":""},"categories":[2],"tags":[31],"class_list":["post-150590","post","type-post","status-publish","format-standard","has-post-thumbnail","hentry","category-informe-municipal","tag-mendoza"],"_links":{"self":[{"href":"http:\/\/argentinamunicipal.com.ar\/argentina\/wp-json\/wp\/v2\/posts\/150590","targetHints":{"allow":["GET"]}}],"collection":[{"href":"http:\/\/argentinamunicipal.com.ar\/argentina\/wp-json\/wp\/v2\/posts"}],"about":[{"href":"http:\/\/argentinamunicipal.com.ar\/argentina\/wp-json\/wp\/v2\/types\/post"}],"author":[{"embeddable":true,"href":"http:\/\/argentinamunicipal.com.ar\/argentina\/wp-json\/wp\/v2\/users\/2"}],"replies":[{"embeddable":true,"href":"http:\/\/argentinamunicipal.com.ar\/argentina\/wp-json\/wp\/v2\/comments?post=150590"}],"version-history":[{"count":0,"href":"http:\/\/argentinamunicipal.com.ar\/argentina\/wp-json\/wp\/v2\/posts\/150590\/revisions"}],"wp:featuredmedia":[{"embeddable":true,"href":"http:\/\/argentinamunicipal.com.ar\/argentina\/wp-json\/wp\/v2\/media\/150591"}],"wp:attachment":[{"href":"http:\/\/argentinamunicipal.com.ar\/argentina\/wp-json\/wp\/v2\/media?parent=150590"}],"wp:term":[{"taxonomy":"category","embeddable":true,"href":"http:\/\/argentinamunicipal.com.ar\/argentina\/wp-json\/wp\/v2\/categories?post=150590"},{"taxonomy":"post_tag","embeddable":true,"href":"http:\/\/argentinamunicipal.com.ar\/argentina\/wp-json\/wp\/v2\/tags?post=150590"}],"curies":[{"name":"wp","href":"https:\/\/api.w.org\/{rel}","templated":true}]}}