{"id":15083,"date":"2014-09-23T13:01:21","date_gmt":"2014-09-23T16:01:21","guid":{"rendered":"http:\/\/argentinamunicipal.com.ar\/argentina\/?p=15083"},"modified":"2014-09-23T18:31:07","modified_gmt":"2014-09-23T21:31:07","slug":"provincia-otorga-15-millones-para-modernizar-el-municipio-de-santa-fe","status":"publish","type":"post","link":"http:\/\/argentinamunicipal.com.ar\/argentina\/provincia-otorga-15-millones-para-modernizar-el-municipio-de-santa-fe\/","title":{"rendered":"Con fondos nacionales, la Provincia otorga 15 millones para modernizar el municipio de Santa Fe"},"content":{"rendered":"<p><a href=\"http:\/\/argentinamunicipal.com.ar\/argentina\/wp-content\/uploads\/2014\/09\/104700_13.jpg\"><img loading=\"lazy\" decoding=\"async\" class=\"alignleft size-full wp-image-15084\" src=\"http:\/\/argentinamunicipal.com.ar\/argentina\/wp-content\/uploads\/2014\/09\/104700_13.jpg\" alt=\"104700_13\" width=\"305\" height=\"460\" srcset=\"http:\/\/argentinamunicipal.com.ar\/argentina\/wp-content\/uploads\/2014\/09\/104700_13.jpg 305w, http:\/\/argentinamunicipal.com.ar\/argentina\/wp-content\/uploads\/2014\/09\/104700_13-198x300.jpg 198w\" sizes=\"auto, (max-width: 305px) 100vw, 305px\" \/><\/a>Otros municipios acceder\u00e1n a acuerdos similares. El dinero proviene de un programa financiado por el BID. El subpr\u00e9stamo se financia a 18 a\u00f1os con una tasa de inter\u00e9s del 1.16 %. Ser\u00e1 destinado a mejoras en el sistema de servicios electr\u00f3nicos y modificaciones en el edificio.<\/p>\n<p>El gobernador Antonio Bonfatti firm\u00f3 con el intendente de Santa Fe, Jos\u00e9 Corral, un convenio de subpr\u00e9stamo en el marco del Programa de Mejora de la Gesti\u00f3n Municipal, destinado a la ejecuci\u00f3n del proyecto de \u201cReforma y Modernizaci\u00f3n de la Municipalidad de Santa Fe\u201d, por un monto total de 1.743.550 d\u00f3lares.<\/p>\n<p>\u201cEstamos muy contentos de poder contribuir a que los municipios de la provincia puedan modernizarse\u201d, se\u00f1al\u00f3 el gobernador, al tiempo que precis\u00f3 que \u201cel convenio se enmarca en la financiaci\u00f3n de subproyectos municipales, con una financiaci\u00f3n del Banco Interamericano de Desarrollo (BID), a 18 a\u00f1os y con una tasa de inter\u00e9s de 1,16 por ciento\u201d.<\/p>\n<p>\u201cEn este caso, Santa Fe ha elegido una serie de cuestiones que tienen que ver con procesos administrativos del municipio, como la construcci\u00f3n de sistemas, de una plataforma de administraci\u00f3n de servicios electr\u00f3nicos y algunas modificaciones dentro del palacio municipal\u201d, precis\u00f3 Bonfatti.<\/p>\n<p>El proyecto de \u201cReforma y Modernizaci\u00f3n de la Municipalidad de Santa Fe\u201d tiene por objetivo general la transformaci\u00f3n de la gesti\u00f3n institucional para aumentar su eficacia y eficiencia en la provisi\u00f3n de servicios p\u00fablicos demandados por la sociedad.<\/p>\n<p>Al respecto, el intendente se\u00f1al\u00f3 que el objetivo es lograr \u201cun municipio cercano al vecino, \u00e1gil, con la posibilidad de hacer tr\u00e1mites de manera r\u00e1pida y eficiente; y este cr\u00e9dito nos va a permitir hacer una inversi\u00f3n que para los municipios es muy dif\u00edcil. Es una gran ayuda que agradecemos al gobernador\u201d, concluy\u00f3.<\/p>\n<p>Por \u00faltimo, el gobernador record\u00f3 que un convenio similar se firmar\u00e1 con la Municipalidad de Rosario, con \u201cotros \u00edtems, que tienen que ver con la seguridad\u201d.<\/p>\n<p>El programa de Mejora de la Gesti\u00f3n Municipal es financiado con un pr\u00e9stamo del BID, que la provincia adquiri\u00f3 a trav\u00e9s de la suscripci\u00f3n de un Convenio Subsidiario de Pr\u00e9stamo (CSP) entre el gobernador y el ministro del Interior y Transporte, Florencio Randazzo, en marzo de 2014 por un monto total de 15 millones de d\u00f3lares.<\/p>\n<p>Este convenio permite a la provincia de Santa Fe, en este caso, financiar la ejecuci\u00f3n de subproyectos municipales, a trav\u00e9s de la firma de Convenios de Subpr\u00e9stamos con gobiernos municipales.<\/p>\n","protected":false},"excerpt":{"rendered":"<p>Otros municipios acceder\u00e1n a acuerdos similares. El dinero proviene de un programa financiado por el BID. El subpr\u00e9stamo se financia a 18 a\u00f1os con una tasa de inter\u00e9s del 1.16 %. Ser\u00e1 destinado a mejoras en el sistema de servicios electr\u00f3nicos y modificaciones en el edificio. El gobernador Antonio Bonfatti firm\u00f3 con el intendente de<\/p>\n","protected":false},"author":1,"featured_media":15084,"comment_status":"closed","ping_status":"closed","sticky":false,"template":"","format":"standard","meta":{"footnotes":""},"categories":[2],"tags":[10],"class_list":["post-15083","post","type-post","status-publish","format-standard","has-post-thumbnail","hentry","category-informe-municipal","tag-santa-fe"],"_links":{"self":[{"href":"http:\/\/argentinamunicipal.com.ar\/argentina\/wp-json\/wp\/v2\/posts\/15083","targetHints":{"allow":["GET"]}}],"collection":[{"href":"http:\/\/argentinamunicipal.com.ar\/argentina\/wp-json\/wp\/v2\/posts"}],"about":[{"href":"http:\/\/argentinamunicipal.com.ar\/argentina\/wp-json\/wp\/v2\/types\/post"}],"author":[{"embeddable":true,"href":"http:\/\/argentinamunicipal.com.ar\/argentina\/wp-json\/wp\/v2\/users\/1"}],"replies":[{"embeddable":true,"href":"http:\/\/argentinamunicipal.com.ar\/argentina\/wp-json\/wp\/v2\/comments?post=15083"}],"version-history":[{"count":0,"href":"http:\/\/argentinamunicipal.com.ar\/argentina\/wp-json\/wp\/v2\/posts\/15083\/revisions"}],"wp:featuredmedia":[{"embeddable":true,"href":"http:\/\/argentinamunicipal.com.ar\/argentina\/wp-json\/wp\/v2\/media\/15084"}],"wp:attachment":[{"href":"http:\/\/argentinamunicipal.com.ar\/argentina\/wp-json\/wp\/v2\/media?parent=15083"}],"wp:term":[{"taxonomy":"category","embeddable":true,"href":"http:\/\/argentinamunicipal.com.ar\/argentina\/wp-json\/wp\/v2\/categories?post=15083"},{"taxonomy":"post_tag","embeddable":true,"href":"http:\/\/argentinamunicipal.com.ar\/argentina\/wp-json\/wp\/v2\/tags?post=15083"}],"curies":[{"name":"wp","href":"https:\/\/api.w.org\/{rel}","templated":true}]}}