{"id":150914,"date":"2024-10-11T05:04:22","date_gmt":"2024-10-11T08:04:22","guid":{"rendered":"http:\/\/argentinamunicipal.com.ar\/argentina\/?p=150914"},"modified":"2024-10-10T06:08:14","modified_gmt":"2024-10-10T09:08:14","slug":"40-edicion-de-la-fiesta-nacional-del-pomelo-laguna-blanca-formosa","status":"publish","type":"post","link":"http:\/\/argentinamunicipal.com.ar\/argentina\/40-edicion-de-la-fiesta-nacional-del-pomelo-laguna-blanca-formosa\/","title":{"rendered":"40\u00b0 edici\u00f3n de la Fiesta Nacional del Pomelo, Laguna Blanca, Formosa"},"content":{"rendered":"<p>Ser\u00e1 los d\u00edas s\u00e1bado 12 y domingo 13 de octubre en la localidad de Laguna Blanca. Avanzan los preparativos de los organismos a cargo de este mega evento.<\/p>\n<p>La localidad de Laguna Blanca se prepara para vivir \u00a0una nueva edici\u00f3n de la Fiesta Nacional del Pomelo, auspiciada por el Consejo Federal de Inversiones (CFI), el Ministerio de Turismo del Gobierno de Formosa y la Municipalidad de Laguna Blanca.<\/p>\n<p>Esta gran fiesta, con entrada libre y gratuita, ser\u00e1 el escenario de la Expo Feria Gastron\u00f3mica, Artesanal, Institucional y Comercial, con actividades recreativas y deportivas, como tambi\u00e9n el play\u00f3n de juegos para los ni\u00f1os y las ni\u00f1as, y adem\u00e1s de un recital con artistas de nivel el s\u00e1bado 12.<\/p>\n<p>Este lunes 30 comenz\u00f3 el armado de las grandes estructuras para los stands institucionales que se instalar\u00e1n en el Estadio Polideportivo, bajo la supervisi\u00f3n de la ministra de Turismo, Silvia Segovia, y el intendente local, Ricardo Lemos.<\/p>\n<p>En contacto con la Agencia de Noticias Formosa (AGENFOR), la titular de Turismo explic\u00f3 que la fiesta est\u00e1 generando muchas expectativas. \u201cHay que destacar el entusiasmo que est\u00e1n mostrando los gastron\u00f3micos, emprendedores, artesanos, que sabemos que es important\u00edsimo para ellos porque genera un dinamismo econ\u00f3mico, no solo para Laguna Blanca, sino para toda la regi\u00f3n\u201d, expres\u00f3.<\/p>\n<p>Al invitar a la comunidad a participar de este evento, explic\u00f3 que la fecha tiene por objetivo \u201ccambiar la estacionalidad y darles la oportunidad a los trabajadores que viven de estos servicios b\u00e1sicos de turismo\u201d.<\/p>\n<p>Lemos, por su parte, confirm\u00f3 que se avanza en el armado de las carpas y aprovech\u00f3 la oportunidad para agradecer a todos los organismos del Gobierno provincial \u201cpor el gran trabajo\u201d que est\u00e1n realizando para lograr una gran fiesta.<\/p>\n<p>Puso de relieve que a pesar del \u201ccontexto nacional adverso, con medidas econ\u00f3micas inescrupulosas hacia la gente, hacia el que menos tiene, en Formosa se invierte en acci\u00f3n social, en la felicidad del pueblo\u201d.<\/p>\n<p>Record\u00f3 que \u201ctenemos un gobernador (Gildo Insfr\u00e1n) que hace mucho tiempo nos viene marcando el norte, que a trav\u00e9s de la unidad, la solidaridad y la organizaci\u00f3n hemos podido avanzar y consolidar definitivamente este Modelo que nos permiti\u00f3 que cada formose\u00f1o viva donde viva pueda acceder a una mejor calidad de vida\u201d, valor\u00f3.<\/p>\n<p>En ese marco, agradeci\u00f3 a Insfr\u00e1n y tambi\u00e9n a cada uno de sus colaboradores, destacando el trabajo que realizan junto al diputado provincial Carlos Hugo Insfr\u00e1n, referente de la localidad y de las comunidades vecinas.<\/p>\n<p>Antes de finalizar la entrevista, se\u00f1al\u00f3 que como parte del Modelo Formose\u00f1o, adherir\u00e1n al anuncio del Gobernador, de otorgar un aumento del 30% en los sueldos, en este caso, de trabajadores municipales y del Concejo Deliberante.<\/p>\n<h6>Fuente: formosa.gob.ar<\/h6>\n","protected":false},"excerpt":{"rendered":"<p>Ser\u00e1 los d\u00edas s\u00e1bado 12 y domingo 13 de octubre en la localidad de Laguna Blanca. Avanzan los preparativos de los organismos a cargo de este mega evento.<\/p>\n","protected":false},"author":2,"featured_media":150915,"comment_status":"closed","ping_status":"closed","sticky":false,"template":"","format":"standard","meta":{"footnotes":""},"categories":[47],"tags":[24],"class_list":["post-150914","post","type-post","status-publish","format-standard","has-post-thumbnail","hentry","category-fiestas","tag-formosa"],"_links":{"self":[{"href":"http:\/\/argentinamunicipal.com.ar\/argentina\/wp-json\/wp\/v2\/posts\/150914","targetHints":{"allow":["GET"]}}],"collection":[{"href":"http:\/\/argentinamunicipal.com.ar\/argentina\/wp-json\/wp\/v2\/posts"}],"about":[{"href":"http:\/\/argentinamunicipal.com.ar\/argentina\/wp-json\/wp\/v2\/types\/post"}],"author":[{"embeddable":true,"href":"http:\/\/argentinamunicipal.com.ar\/argentina\/wp-json\/wp\/v2\/users\/2"}],"replies":[{"embeddable":true,"href":"http:\/\/argentinamunicipal.com.ar\/argentina\/wp-json\/wp\/v2\/comments?post=150914"}],"version-history":[{"count":0,"href":"http:\/\/argentinamunicipal.com.ar\/argentina\/wp-json\/wp\/v2\/posts\/150914\/revisions"}],"wp:featuredmedia":[{"embeddable":true,"href":"http:\/\/argentinamunicipal.com.ar\/argentina\/wp-json\/wp\/v2\/media\/150915"}],"wp:attachment":[{"href":"http:\/\/argentinamunicipal.com.ar\/argentina\/wp-json\/wp\/v2\/media?parent=150914"}],"wp:term":[{"taxonomy":"category","embeddable":true,"href":"http:\/\/argentinamunicipal.com.ar\/argentina\/wp-json\/wp\/v2\/categories?post=150914"},{"taxonomy":"post_tag","embeddable":true,"href":"http:\/\/argentinamunicipal.com.ar\/argentina\/wp-json\/wp\/v2\/tags?post=150914"}],"curies":[{"name":"wp","href":"https:\/\/api.w.org\/{rel}","templated":true}]}}