{"id":150971,"date":"2024-10-17T05:46:12","date_gmt":"2024-10-17T08:46:12","guid":{"rendered":"http:\/\/argentinamunicipal.com.ar\/argentina\/?p=150971"},"modified":"2024-10-16T19:46:36","modified_gmt":"2024-10-16T22:46:36","slug":"milei-borro-a-la-clase-media-del-conurbano","status":"publish","type":"post","link":"http:\/\/argentinamunicipal.com.ar\/argentina\/milei-borro-a-la-clase-media-del-conurbano\/","title":{"rendered":"Milei borr\u00f3 a la clase media del Conurbano\u00a0"},"content":{"rendered":"<p>En el distrito m\u00e1s poblado del pa\u00eds, 8 de 10 se consideran de \u00abclase media baja o baja\u00bb. La mayor\u00eda cree que el salario no alcanza y, 6 de 10 entienden que su empleo est\u00e1 en riesgo y que las pol\u00edticas libertarias perjudican su progreso. En el marco del veto presidencial a universidades, el 95 por ciento de los bonaerenses consideran a la educaci\u00f3n un punto central para el progreso.<\/p>\n<p>A medida que la crisis avanza, las consultoras que miden opini\u00f3n trabajan, en paralelo, con estudios nacional y le agregan encuestas en el Conurbano bonaerense, el polo donde Javier Milei es m\u00e1s d\u00e9bil, donde la recesi\u00f3n se siente con m\u00e1s fuerza y el territorio en el que se centran buena parte de los 4 de 10 votos que aporta la provincia de Buenos Aires. Hace unas horas, la consultora Reyes-Filadoro dio a conocer un sondeo de \u00abExpectativas de Movilidad Social en el Conurbano\u00bb, que refleja datos de impacto.<\/p>\n<p>En el estudio, al que accedi\u00f3\u00a0P\u00e1gina I12, el t\u00edtulo m\u00e1s fuerte es que la recesi\u00f3n sepult\u00f3 el ideario de clase media: 8 de 10 consultados se sienten de \u00abclase media baja o baja\u00bb, y s\u00f3lo el 18 a\u00fan se percibe entre los segmentos medios. En paralelo, hay una seria preocupaci\u00f3n por la p\u00e9rdida del empleo, el alza en los precios. Un dato extra, justo cuando Milei acaba de vetar el Presupuesto universitario: casi 10 de 10 creen que la educaci\u00f3n es la base del progreso. Adem\u00e1s, buena parte de los encuestados creen, a diferencia de lo que promociona el Gobierno Nacional, que el Estado debe ser un actor importante en la vida de las personas. Y m\u00e1s de la mitad de las personas creen que las pol\u00edticas de Milei perjudican su progreso.<\/p>\n<p>Respecto a la situaci\u00f3n de la clases social, detalla el informe que \u00abpara las personas consultadas en el estudio, el principal factor para definirse de clase media son los ingresos (52%), seguido de la pertenencia de una vivienda propia (14%) y del estilo de vida (12%)\u00bb. All\u00ed, adem\u00e1s, \u00abse observan con claridad dos factores que identifican los bonaerenses del conurbano a la hora de pensar en la movilidad social\u00bb. Entre esos puntos destacan la educaci\u00f3n y el empleo (30% cada uno).<\/p>\n<p><strong>Empleo y educaci\u00f3n, una prioridad<\/strong><br \/>\nEl empleo y la posibilidad de perderlo es una de las preocupaciones de los bonaerenses. La encuesta de Reyes-Filadoro indica que \u00abs\u00f3lo un tercio de los bonaerenses en el conurbano se siente satisfecho en su trabajo, el 24% se considera \u201cdesempleado\u201d y dos tercios siente miedo a perder su fuente de ingresos durante el pr\u00f3ximo a\u00f1o\u00bb.<\/p>\n<p>En ese contexto, tambi\u00e9n se los consulta por el valor de la educaci\u00f3n en el marco de la sociedad. Precisa Reyes-Filadoro que \u00abel rol de la educaci\u00f3n es tan destacado que el 95% de las personas consultadas considera que es un factor importante para progresar\u00bb.<\/p>\n<p>De todos modos, la nota negativa es que \u00abel 74% opina que el sistema educativo no prepara adecuadamente a los j\u00f3venes para insertarse en el mundo del trabajo\u00bb. En este contexto, agregan, \u00abla mitad de los bonaerenses siente que no ha progresado en relaci\u00f3n a sus predecesores al considerar que su calidad de vida actual es \u201cigual de mala\u201d o\u201d peor\u201d que la de sus padres. Sin embargo, el 68% se muestra optimista de que las pr\u00f3ximas generaciones gozar\u00e1n de una mejor calidad de vida\u00bb.<\/p>\n<p><strong>Milei no quiere Estado, los bonaerenses, s\u00ed<\/strong><br \/>\nAl considerar el rol del estado entre los ciudadanos bonaerenses, detalla el trabajo, \u00abla mayor\u00eda de las personas apoya la idea de un Estado presente y solidario que promueva la igualdad de oportunidades y regule el funcionamiento de la econom\u00eda\u00bb. Destacan que \u00abesta idea es compartida tanto por las personas que votaron al peronismo en las \u00faltimas elecciones como por un amplio porcentaje de los votantes de La Libertad Avanza\u00bb.<\/p>\n<p>Por otra parte, la encuesta muestra que \u00abm\u00e1s del 60% de las personas afirma no sentirse identificado con las categor\u00edas de \u201cderecha\u201d o \u201cizquierda\u201d. No obstante, m\u00e1s de la mitad de los votantes en el conurbano cree que las pol\u00edticas impulsadas por Javier Milei perjudican su posibilidad de progresar mientras que un cuarto de la poblaci\u00f3n conf\u00eda en que van a mejorar en el mediano y largo plazo.<\/p>\n<p>Una de las \u00faltimas consultas que hace la encuesta es que la gente piense con qu\u00e9 gobiernos les fue mejor en todos los niveles. All\u00ed, \u00abel 40% de los consultados indic\u00f3 que el gobierno de N\u00e9stor Kirchner es el que gener\u00f3 mejores condiciones de progreso en el pa\u00eds\u00bb. Lo siguen el primer gobierno de Carlos Menem (15), el primer gobierno de Cristina Kirchner (13) y lo que va del Gobierno de Javier Milei (14).<\/p>\n<h6>Fuente: P\u00e1gina 12<\/h6>\n","protected":false},"excerpt":{"rendered":"<p>En el distrito m\u00e1s poblado del pa\u00eds, 8 de 10 se consideran de \u00abclase media baja o baja\u00bb. La mayor\u00eda cree que el salario no alcanza y, 6 de 10 entienden que su empleo est\u00e1 en riesgo y que las pol\u00edticas libertarias perjudican su progreso.<\/p>\n","protected":false},"author":2,"featured_media":150972,"comment_status":"closed","ping_status":"closed","sticky":false,"template":"","format":"standard","meta":{"footnotes":""},"categories":[2],"tags":[12],"class_list":["post-150971","post","type-post","status-publish","format-standard","has-post-thumbnail","hentry","category-informe-municipal","tag-buenos-aires"],"_links":{"self":[{"href":"http:\/\/argentinamunicipal.com.ar\/argentina\/wp-json\/wp\/v2\/posts\/150971","targetHints":{"allow":["GET"]}}],"collection":[{"href":"http:\/\/argentinamunicipal.com.ar\/argentina\/wp-json\/wp\/v2\/posts"}],"about":[{"href":"http:\/\/argentinamunicipal.com.ar\/argentina\/wp-json\/wp\/v2\/types\/post"}],"author":[{"embeddable":true,"href":"http:\/\/argentinamunicipal.com.ar\/argentina\/wp-json\/wp\/v2\/users\/2"}],"replies":[{"embeddable":true,"href":"http:\/\/argentinamunicipal.com.ar\/argentina\/wp-json\/wp\/v2\/comments?post=150971"}],"version-history":[{"count":0,"href":"http:\/\/argentinamunicipal.com.ar\/argentina\/wp-json\/wp\/v2\/posts\/150971\/revisions"}],"wp:featuredmedia":[{"embeddable":true,"href":"http:\/\/argentinamunicipal.com.ar\/argentina\/wp-json\/wp\/v2\/media\/150972"}],"wp:attachment":[{"href":"http:\/\/argentinamunicipal.com.ar\/argentina\/wp-json\/wp\/v2\/media?parent=150971"}],"wp:term":[{"taxonomy":"category","embeddable":true,"href":"http:\/\/argentinamunicipal.com.ar\/argentina\/wp-json\/wp\/v2\/categories?post=150971"},{"taxonomy":"post_tag","embeddable":true,"href":"http:\/\/argentinamunicipal.com.ar\/argentina\/wp-json\/wp\/v2\/tags?post=150971"}],"curies":[{"name":"wp","href":"https:\/\/api.w.org\/{rel}","templated":true}]}}