{"id":150999,"date":"2024-10-17T05:42:30","date_gmt":"2024-10-17T08:42:30","guid":{"rendered":"http:\/\/argentinamunicipal.com.ar\/argentina\/?p=150999"},"modified":"2024-10-15T19:09:53","modified_gmt":"2024-10-15T22:09:53","slug":"san-andres-de-giles-fiesta-del-salame-mas-largo-de-argentina","status":"publish","type":"post","link":"http:\/\/argentinamunicipal.com.ar\/argentina\/san-andres-de-giles-fiesta-del-salame-mas-largo-de-argentina\/","title":{"rendered":"San Andr\u00e9s de Giles, Fiesta del Salame m\u00e1s largo de Argentina"},"content":{"rendered":"<p>Quieren elaboran un chacinado que supere los 310 metros<\/p>\n<p>El s\u00e1bado 19 de octubre, en el Parque Municipal, intentar\u00e1 sacarle el primer puesto a Tandil. Unas 14 personas trabajan para lograr el r\u00e9cord.<\/p>\n<p>Este s\u00e1bado 19 de octubre se vivir\u00e1 la 3\u00ba Fiesta del Salame M\u00e1s Largo de Argentina en el municipio de San Andr\u00e9s de Giles. Con entrada gratuita, el Parque Municipal espera la llegada de visitantes que ser\u00e1n testigos del r\u00e9cord que la comuna le quiere quitar a Tandil.<\/p>\n<p>El evento organizado por Chacinados La Vasquita y Bomberos Voluntarios, con la adhesi\u00f3n de la Municipalidad, arranca a las 11.00 y dispondr\u00e1 de puestos de artesanos, shows art\u00edsticos, patio de comidas, paseo artesanal, medici\u00f3n, corte y degustaci\u00f3n del salame gilense.<\/p>\n<p>La familia Meretta ser\u00e1 la encargada de intentar destronar el r\u00e9cord que ostenta Tandil con la elaboraci\u00f3n de un salame que supere los de 310,69 metros.<\/p>\n<p>Para elaborar el salame m\u00e1s grande Argentina,\u00a014 personas pusieron manos a la obra. Aunque adelantaron que \u201cdurante el proceso de secado, adem\u00e1s de mermar el ancho tambi\u00e9n se reduce el largo\u201d, aseguran que el r\u00e9cord quedar\u00e1 en San Andr\u00e9s de Giles.<\/p>\n<h6>Fuente: lanoticia1.com<\/h6>\n","protected":false},"excerpt":{"rendered":"<p>Quieren elaboran un chacinado que supere los 310 metros<\/p>\n","protected":false},"author":2,"featured_media":151000,"comment_status":"closed","ping_status":"closed","sticky":false,"template":"","format":"standard","meta":{"footnotes":""},"categories":[47],"tags":[12],"class_list":["post-150999","post","type-post","status-publish","format-standard","has-post-thumbnail","hentry","category-fiestas","tag-buenos-aires"],"_links":{"self":[{"href":"http:\/\/argentinamunicipal.com.ar\/argentina\/wp-json\/wp\/v2\/posts\/150999","targetHints":{"allow":["GET"]}}],"collection":[{"href":"http:\/\/argentinamunicipal.com.ar\/argentina\/wp-json\/wp\/v2\/posts"}],"about":[{"href":"http:\/\/argentinamunicipal.com.ar\/argentina\/wp-json\/wp\/v2\/types\/post"}],"author":[{"embeddable":true,"href":"http:\/\/argentinamunicipal.com.ar\/argentina\/wp-json\/wp\/v2\/users\/2"}],"replies":[{"embeddable":true,"href":"http:\/\/argentinamunicipal.com.ar\/argentina\/wp-json\/wp\/v2\/comments?post=150999"}],"version-history":[{"count":0,"href":"http:\/\/argentinamunicipal.com.ar\/argentina\/wp-json\/wp\/v2\/posts\/150999\/revisions"}],"wp:featuredmedia":[{"embeddable":true,"href":"http:\/\/argentinamunicipal.com.ar\/argentina\/wp-json\/wp\/v2\/media\/151000"}],"wp:attachment":[{"href":"http:\/\/argentinamunicipal.com.ar\/argentina\/wp-json\/wp\/v2\/media?parent=150999"}],"wp:term":[{"taxonomy":"category","embeddable":true,"href":"http:\/\/argentinamunicipal.com.ar\/argentina\/wp-json\/wp\/v2\/categories?post=150999"},{"taxonomy":"post_tag","embeddable":true,"href":"http:\/\/argentinamunicipal.com.ar\/argentina\/wp-json\/wp\/v2\/tags?post=150999"}],"curies":[{"name":"wp","href":"https:\/\/api.w.org\/{rel}","templated":true}]}}