{"id":151275,"date":"2024-10-25T05:35:24","date_gmt":"2024-10-25T08:35:24","guid":{"rendered":"http:\/\/argentinamunicipal.com.ar\/argentina\/?p=151275"},"modified":"2024-10-24T19:38:29","modified_gmt":"2024-10-24T22:38:29","slug":"ciudad-de-mendoza-como-es-el-proyecto-ganador-para-revolucionar-el-distrito-fundacional","status":"publish","type":"post","link":"http:\/\/argentinamunicipal.com.ar\/argentina\/ciudad-de-mendoza-como-es-el-proyecto-ganador-para-revolucionar-el-distrito-fundacional\/","title":{"rendered":"Ciudad de Mendoza: c\u00f3mo es el proyecto ganador para revolucionar el Distrito Fundacional"},"content":{"rendered":"<p>Este martes se dio un paso decisivo para transformar el casco hist\u00f3rico capitalino. El intendente Ulpiano Suarez encabez\u00f3 la entrega de premios.<\/p>\n<p>La Ciudad de Mendoza dio un paso decisivo para transformar su casco hist\u00f3rico. En un acto celebrado en la Casa de San Mart\u00edn, el intendente Ulpiano Suarez encabez\u00f3 la entrega de premios del Concurso Nacional de Ideas Distrito Fundacional, que definir\u00e1 el futuro de una zona clave de la ciudad.<\/p>\n<p>La propuesta ganadora, elegida entre 17 proyectos participantes, estuvo a cargo de los arquitectos Juan Mart\u00edn Flores y Nicol\u00e1s Guerra. Su dise\u00f1o propone una renovaci\u00f3n integral que busca convertir el \u00e1rea en un nuevo polo de desarrollo econ\u00f3mico, cultural y tur\u00edstico.<\/p>\n<p>El proyecto abarca una zona estrat\u00e9gica que se extiende desde el Paseo Alameda hasta la avenida Gobernador Ricardo Videla, y desde calle Corrientes hasta Maip\u00fa. La iniciativa conectar\u00e1 distintas secciones de la llamada \u00abciudad vieja\u00bb, respetando la identidad barrial pero apostando a la modernizaci\u00f3n.<\/p>\n<p>Un jurado de prestigiosos arquitectos, entre ellos Daniel Becker y Eliana B\u00f3rmida, destac\u00f3 el equilibrio del proyecto ganador en sus tres niveles: urbano, dise\u00f1o sectorial y arquitect\u00f3nico. La propuesta sobresale por su sistema de \u00abunidades pixel\u00bb, que permitir\u00e1 desarrollar espacios espec\u00edficos con normativas propias y beneficios fiscales para atraer inversiones.<\/p>\n<p>Entre los puntos m\u00e1s innovadores del plan figura la renovaci\u00f3n del ex asilo San Vicente de Paul. El edificio hist\u00f3rico ser\u00e1 adaptado para usos culturales y gastron\u00f3micos, manteniendo su capilla como eje central y preservando espacios para futuras exploraciones arqueol\u00f3gicas.<\/p>\n<p>Durante la ceremonia, Suarez enfatiz\u00f3 que el proyecto busca eliminar las asimetr\u00edas existentes y fomentar el desarrollo sostenible. Por su parte, Leticia Mart\u00ednez, presidenta del Colegio de Arquitectos de Mendoza, celebr\u00f3 la iniciativa como un ejemplo de participaci\u00f3n democr\u00e1tica en la planificaci\u00f3n urbana.<\/p>\n<p>Los ganadores manifestaron su entusiasmo por contribuir a la integraci\u00f3n de la ciudad. El plan incluye tambi\u00e9n modificaciones en el transporte p\u00fablico, nuevos espacios verdes y corredores urbanos que prometen revitalizar una de las zonas m\u00e1s emblem\u00e1ticas de Mendoza.<\/p>\n<p><strong>Restantes premiados y menciones<\/strong><\/p>\n<p>2\u00ba Premio<br \/>\nAutores: Julio Miranda (CAMZA) y Francisco Moskovits (CPAU)<br \/>\nColaboradores: Martin Funes, Angeles Tizio, Rodrigo B\u00e1scolo, Benjamin Martinez, Pedro Nieto, Aldana Castillo, Simon Gelardi, Diego Lara.<\/p>\n<p>3\u00ba Premio<br \/>\nAutores: Jorge Simoni (CAMZA) y David Sarrouf (CAMZA)<br \/>\nColaboradores: Sebastian Dal Lago, Romina Buigues, Miguel Martinez, Marcelo Puebla, Jorgelia Berducci, Federico Quiros, Agostina Gonzalez, Eber Valto, Julia Clavijo.<br \/>\nAsesores: Mario Isgro, Daniel Schavelzon, Eduardo Vera, Jorge Gonella, Marcelo Giaroli.<\/p>\n<p>1\u00aa Menci\u00f3n<br \/>\nAutores: Pablo Pschepiurca (CPAU), Mar\u00eda Hojman (CPAU), Rodrigo Grassi (CPAU), Franco Bellantonio (CPAU), Pedro Tagarelli (CAMZA).<br \/>\nColaboradores: Alex Andino, Gabriela Axelrud, Martin Di Peco, Ignacio Mazzuchelli, Guido Barbero, Agust\u00edn Gutierrez, Bel\u00e9n Dos Reis, Mar\u00eda Sol Evangelista, Ail\u00e9n Grassi, Mar\u00eda Sol Boscardin, Tom\u00e1s Garcia Campo, Lucia Annoletti Lo Pinto.<br \/>\nAsesores: Claudia Martinez, Gabriela Dorigo, Ana Gibert, Silvana Bragagnini.<\/p>\n<p>2\u00aa Menci\u00f3n<br \/>\nAutores: Nahuel Salcedo (CAMZA)<br \/>\nColaboradores: Celeste Gomez Lahoz, Catalina Vargas, Julieta Picco, Guafalupe Galdames.<\/p>\n<p>3\u00aa Menci\u00f3n<br \/>\nAutores: Marisol Bordon (CAMZA), Jos\u00e9 Mar\u00eda Silvestro Geuna (CAMZA), Marcelo Satulovky (CPAU)<br \/>\nColaboradores: Mariona Oliver Pujol, Ana Maria Villalobos, Vanina Jael Jiraudo, Victor Hugo Burgo, Eduardo Totter, Andrea Virginia Lacave, Maria del Mar Perez Cambra, Mario Gomez, Maria Gabriela Balls, Andrea Juliana Lara, Josep Parcerisa Burdo, Jose Angel Hidalgo, Pablo Bianchi Palomer, Valentino Braione, Tomas Augusto Sanfurgo Simon, Mariana Lujan, Marcos Ezequiel Copia Leiva, Lucas Manuel Fragapane Flores, Lautaro Lobos, Juan Sotano.<\/p>\n<h6>Fuente: MDZ<\/h6>\n","protected":false},"excerpt":{"rendered":"<p>Este martes se dio un paso decisivo para transformar el casco hist\u00f3rico capitalino. El intendente Ulpiano Suarez encabez\u00f3 la entrega de premios.<\/p>\n","protected":false},"author":2,"featured_media":151276,"comment_status":"closed","ping_status":"closed","sticky":false,"template":"","format":"standard","meta":{"footnotes":""},"categories":[2],"tags":[31],"class_list":["post-151275","post","type-post","status-publish","format-standard","has-post-thumbnail","hentry","category-informe-municipal","tag-mendoza"],"_links":{"self":[{"href":"http:\/\/argentinamunicipal.com.ar\/argentina\/wp-json\/wp\/v2\/posts\/151275","targetHints":{"allow":["GET"]}}],"collection":[{"href":"http:\/\/argentinamunicipal.com.ar\/argentina\/wp-json\/wp\/v2\/posts"}],"about":[{"href":"http:\/\/argentinamunicipal.com.ar\/argentina\/wp-json\/wp\/v2\/types\/post"}],"author":[{"embeddable":true,"href":"http:\/\/argentinamunicipal.com.ar\/argentina\/wp-json\/wp\/v2\/users\/2"}],"replies":[{"embeddable":true,"href":"http:\/\/argentinamunicipal.com.ar\/argentina\/wp-json\/wp\/v2\/comments?post=151275"}],"version-history":[{"count":0,"href":"http:\/\/argentinamunicipal.com.ar\/argentina\/wp-json\/wp\/v2\/posts\/151275\/revisions"}],"wp:featuredmedia":[{"embeddable":true,"href":"http:\/\/argentinamunicipal.com.ar\/argentina\/wp-json\/wp\/v2\/media\/151276"}],"wp:attachment":[{"href":"http:\/\/argentinamunicipal.com.ar\/argentina\/wp-json\/wp\/v2\/media?parent=151275"}],"wp:term":[{"taxonomy":"category","embeddable":true,"href":"http:\/\/argentinamunicipal.com.ar\/argentina\/wp-json\/wp\/v2\/categories?post=151275"},{"taxonomy":"post_tag","embeddable":true,"href":"http:\/\/argentinamunicipal.com.ar\/argentina\/wp-json\/wp\/v2\/tags?post=151275"}],"curies":[{"name":"wp","href":"https:\/\/api.w.org\/{rel}","templated":true}]}}