{"id":151321,"date":"2024-10-29T05:02:10","date_gmt":"2024-10-29T08:02:10","guid":{"rendered":"http:\/\/argentinamunicipal.com.ar\/argentina\/?p=151321"},"modified":"2024-10-28T20:03:31","modified_gmt":"2024-10-28T23:03:31","slug":"el-fuego-en-las-sierras-ya-arraso-con-100-000-hectareas-en-lo-que-va-del-ano","status":"publish","type":"post","link":"http:\/\/argentinamunicipal.com.ar\/argentina\/el-fuego-en-las-sierras-ya-arraso-con-100-000-hectareas-en-lo-que-va-del-ano\/","title":{"rendered":"El fuego en las sierras ya arras\u00f3 con 100.000 hect\u00e1reas en lo que va del a\u00f1o"},"content":{"rendered":"<p>M\u00e1s del 90% del total se quem\u00f3 en julio, agosto y septiembre. En ese per\u00edodo se registraron 363 focos. El incendio m\u00e1s devastador abarc\u00f3 42.000 hect\u00e1reas y ocurri\u00f3 el mes pasado, en la zona de Capilla del Monte<\/p>\n<p>El a\u00f1o 2024 se posicion\u00f3 como el segundo peor de la \u00faltima d\u00e9cada en lo que hace a superficie quemada en la provincia, detr\u00e1s del 2020, que result\u00f3 el m\u00e1s devastador de los \u00faltimos 35 a\u00f1os. En total, en el a\u00f1o en curso, se quemaron alrededor de 100.000 hect\u00e1reas.<\/p>\n<p>As\u00ed, en julio, agosto y septiembre se perdieron 93.396 hect\u00e1reas por el fuego, a lo que se le suman las 2.479 relevadas de enero a junio. En este c\u00e1lculo, septiembre fue determinante, ya que ese mes se perdieron 78.219 hect\u00e1reas, el 82% de todo lo quemado en el a\u00f1o.<\/p>\n<p>Los datos corresponden al informe elaborado por el Idecor (Infraestructura de Datos Espaciales de C\u00f3rdoba) para la Secretar\u00eda de Gesti\u00f3n del Riesgo de la Provincia publicado por La Voz del Interior. Seg\u00fan este informe, en el tercer trimestre de este a\u00f1o hubo 363 focos de incendios reportados en 90 d\u00edas, con un promedio de cuatro incendios por d\u00eda, aunque el sistema no cuenta a los muy peque\u00f1os focos que llegan a ser controlados apenas iniciados.<\/p>\n<p>Del total, entre julio y septiembre, el 48% de los focos fueron de entre 10 y 100 hect\u00e1reas, y el 40% correspondi\u00f3 a casos de menos de 10 hect\u00e1reas. Luego, el 8% de los 363 incendios contados fueron de entre 100 y 500 hect\u00e1reas y, finalmente, el 4% de los casos fue de siniestros grandes, con m\u00e1s de 500 hect\u00e1reas afectadas. Sin embargo, ese 4% explica el 78% de la superficie quemada de ese trimestre.<\/p>\n<p>El mayor incendio del a\u00f1o fue el que se inici\u00f3 en la zona de Capilla del Monte y Los Cocos y se agigant\u00f3 hasta San Marcos Sierras, Ongamira y La Granja, abarcando 42.046 hect\u00e1reas en cinco departamentos (Punilla, Col\u00f3n, Cruz del Eje, Ischil\u00edn y Totoral). Luego le siguieron el de los parajes El Durazno y Pinar de los R\u00edos (en Calamuchita) con 10.644 hect\u00e1reas), el del cerro Champaqu\u00ed que quem\u00f3 7.614 hect\u00e1reas, el del Camino de los T\u00faneles y la Quebrada La Mermella (en Pocho) con 6.900 hect\u00e1reas afectadas, y la sucesi\u00f3n de focos en pocos d\u00edas entre La Calera y Malague\u00f1o (en el Gran C\u00f3rdoba), con 5.000 hect\u00e1reas. S\u00f3lo esos cinco enormes siniestros suman 73.000 hect\u00e1reas.<\/p>\n<p>El relevamiento oficial, que llega hasta el 30 de septiembre, suma, en nueve meses, 95.879 hect\u00e1reas perdidas. Pero restan contar los varios focos de los primeros seis d\u00edas de octubre que hacen trepar la cifra a 100.000 hect\u00e1reas, hasta que el 7 de octubre se dio una lluvia generalizada.<\/p>\n<p><strong>Obras p\u00fablicas y reconstrucci\u00f3n de viviendas para recuperar lo perdido<\/strong><br \/>\nTras los devastadores incendios en las sierras, se oficializ\u00f3 la declaraci\u00f3n de emergencia ambiental, econ\u00f3mica y habitacional en las \u00e1reas afectadas. La Ley 27.782, sancionada por el Congreso de la Naci\u00f3n establece un plazo de 180 d\u00edas para la emergencia, prorrogables por igual per\u00edodo.<\/p>\n<p>La normativa tiene como objetivo principal restaurar las zonas da\u00f1adas y prevenir futuros focos \u00edgneos. Para ello, se implementar\u00e1n medidas en el marco del Sistema Federal de Manejo del Fuego y la Gesti\u00f3n Integral de Riesgos, establecidas en las leyes 26.815 y 27.287.<\/p>\n<p>Un punto clave de la ley es la asignaci\u00f3n de una partida presupuestaria extraordinaria para la reconstrucci\u00f3n de la infraestructura y la recuperaci\u00f3n de las actividades econ\u00f3micas afectadas.<\/p>\n<p>En cuanto a las medidas para la reconstrucci\u00f3n y recuperaci\u00f3n econ\u00f3mica, la ley contempla la realizaci\u00f3n de obras p\u00fablicas urgentes, como la reparaci\u00f3n y construcci\u00f3n de viviendas e instalaciones, luego de un estudio t\u00e9cnico que garantice la eficiente asignaci\u00f3n de los fondos, adem\u00e1s de cr\u00e9ditos especiales, entre otras disposiciones.<\/p>\n<h6>Fuente: hoyd\u00eda.com.ar<\/h6>\n","protected":false},"excerpt":{"rendered":"<p>M\u00e1s del 90% del total se quem\u00f3 en julio, agosto y septiembre. En ese per\u00edodo se registraron 363 focos. El incendio m\u00e1s devastador abarc\u00f3 42.000 hect\u00e1reas y ocurri\u00f3 el mes pasado, en la zona de Capilla del Monte<\/p>\n","protected":false},"author":2,"featured_media":151322,"comment_status":"closed","ping_status":"closed","sticky":false,"template":"","format":"standard","meta":{"footnotes":""},"categories":[65],"tags":[3],"class_list":["post-151321","post","type-post","status-publish","format-standard","has-post-thumbnail","hentry","category-provincias","tag-cordoba"],"_links":{"self":[{"href":"http:\/\/argentinamunicipal.com.ar\/argentina\/wp-json\/wp\/v2\/posts\/151321","targetHints":{"allow":["GET"]}}],"collection":[{"href":"http:\/\/argentinamunicipal.com.ar\/argentina\/wp-json\/wp\/v2\/posts"}],"about":[{"href":"http:\/\/argentinamunicipal.com.ar\/argentina\/wp-json\/wp\/v2\/types\/post"}],"author":[{"embeddable":true,"href":"http:\/\/argentinamunicipal.com.ar\/argentina\/wp-json\/wp\/v2\/users\/2"}],"replies":[{"embeddable":true,"href":"http:\/\/argentinamunicipal.com.ar\/argentina\/wp-json\/wp\/v2\/comments?post=151321"}],"version-history":[{"count":0,"href":"http:\/\/argentinamunicipal.com.ar\/argentina\/wp-json\/wp\/v2\/posts\/151321\/revisions"}],"wp:featuredmedia":[{"embeddable":true,"href":"http:\/\/argentinamunicipal.com.ar\/argentina\/wp-json\/wp\/v2\/media\/151322"}],"wp:attachment":[{"href":"http:\/\/argentinamunicipal.com.ar\/argentina\/wp-json\/wp\/v2\/media?parent=151321"}],"wp:term":[{"taxonomy":"category","embeddable":true,"href":"http:\/\/argentinamunicipal.com.ar\/argentina\/wp-json\/wp\/v2\/categories?post=151321"},{"taxonomy":"post_tag","embeddable":true,"href":"http:\/\/argentinamunicipal.com.ar\/argentina\/wp-json\/wp\/v2\/tags?post=151321"}],"curies":[{"name":"wp","href":"https:\/\/api.w.org\/{rel}","templated":true}]}}