{"id":151431,"date":"2024-11-01T05:15:27","date_gmt":"2024-11-01T08:15:27","guid":{"rendered":"http:\/\/argentinamunicipal.com.ar\/argentina\/?p=151431"},"modified":"2024-10-31T19:49:41","modified_gmt":"2024-10-31T22:49:41","slug":"los-chacayes-de-tunuyan-recibio-una-distincion-nacional-por-su-nominacion-a-los-mejores-pueblos-del-mundo","status":"publish","type":"post","link":"http:\/\/argentinamunicipal.com.ar\/argentina\/los-chacayes-de-tunuyan-recibio-una-distincion-nacional-por-su-nominacion-a-los-mejores-pueblos-del-mundo\/","title":{"rendered":"Los Chacayes, de Tunuy\u00e1n, recibi\u00f3 una distinci\u00f3n nacional por su nominaci\u00f3n a los \u201cMejores Pueblos del Mundo\u201d"},"content":{"rendered":"<p>El Intendente Emir Andraos recibi\u00f3 el certificado por la Postulaci\u00f3nen Best Tourism Villages, edici\u00f3n 2024.<\/p>\n<p>Los Chacayes recibi\u00f3 la distinci\u00f3n nacional por su nominaci\u00f3n en los Mejores Pueblos del Mundo.\u00a0El reconocimiento fue entregado por la Subsecretaria de Turismo de la Naci\u00f3n, Yanina Mart\u00ednez, con la presencia de la presidenta del Ente de Turismo Mendoza, Gabriela Testa.<\/p>\n<p>El acto fue celebrado en la Reserva Natural y Cultural Manzano Hist\u00f3rico, con la participaci\u00f3n de autoridades nacionales y provinciales, prestadores tur\u00edsticos y vecinos de la localidad.<\/p>\n<p>El Intendente Andraos manifest\u00f3 su gratitud por la visita de autoridades nacionales a la localidad, como as\u00ed tambi\u00e9n afirm\u00f3 que \u201cestamos contentos por la gran articulaci\u00f3n lograda, por la postulaci\u00f3n conseguida y por el trabajo a futuro vinculando al sector p\u00fablico con el sector privado para beneficio de todos los habitantes de la regi\u00f3n del Valle de Uco\u201d.<\/p>\n<p>Durante el acto, tambi\u00e9n anunci\u00f3 que la entrega oficial de las distinciones la realizar\u00e1 la ONU Turismo en el marco del 122 Consejo Ejecutivo en el mes de noviembre en Cartagena de Indias, Colombia.<\/p>\n<p>\u201cSon 260 pueblos que compiten a nivel global para ser el mejor pueblo del mundo. Es muy importante revalorizar la identidad y la cultura por las cuales este municipio est\u00e1 participando. Sin dudas, la comunidad est\u00e1 trabajando fuertemente para hacer de Los Chacayes un destino internacional\u201d, afirm\u00f3 la Subsecretaria Mart\u00ednez.<\/p>\n<p>Adem\u00e1s, destac\u00f3 la creciente popularidad de nuestro pueblo entre los turistas: \u201cCada vez m\u00e1s turistas de todo el mundo eligen esta hermosa localidad por los servicios, la calidad, la hospitalidad y el gran nivel de oferta gastron\u00f3mica. \u00a1Felicitaciones!\u201d.<\/p>\n<p>Cabe mencionar que la convocatoria de Best Tourism Villages fue lanzada en febrero de este a\u00f1o, invitando a los organismos provinciales de turismo y a los municipios a postular localidades que cumplieran con ciertos requisitos: tener menos de 15.000 habitantes, un paisaje natural y\/o cultural relacionado con un entorno rural y un estilo de vida aut\u00e9ntico.<\/p>\n<p>Los Chacayes, situado a 130 kil\u00f3metros de la capital mendocina y a una altitud de entre 1000 y 1400 metros sobre el nivel del mar, es conocido por sus bodegas boutique que producen vinos \u00fanicos. Este encantador pueblo ha sido testigo de grandes momentos hist\u00f3ricos de Argentina y alberga la Reserva Natural Manzano Hist\u00f3rico, un \u00edcono tur\u00edstico que preserva un reto\u00f1o del \u00e1rbol donde descans\u00f3 el General Don Jos\u00e9 de San Mart\u00edn al regresar de la gesta libertadora. Aqu\u00ed tambi\u00e9n se encuentra el Monumento Nacional \u201cRetorno a la Patria\u201d del escultor Luis Perlotti.<\/p>\n<h6>Fuente: Los Andes<\/h6>\n","protected":false},"excerpt":{"rendered":"<p>El acto fue celebrado en la Reserva Natural y Cultural Manzano Hist\u00f3rico, con la participaci\u00f3n de autoridades nacionales y provinciales, prestadores tur\u00edsticos y vecinos de la localidad.<\/p>\n","protected":false},"author":2,"featured_media":151432,"comment_status":"closed","ping_status":"closed","sticky":false,"template":"","format":"standard","meta":{"footnotes":""},"categories":[2],"tags":[31],"class_list":["post-151431","post","type-post","status-publish","format-standard","has-post-thumbnail","hentry","category-informe-municipal","tag-mendoza"],"_links":{"self":[{"href":"http:\/\/argentinamunicipal.com.ar\/argentina\/wp-json\/wp\/v2\/posts\/151431","targetHints":{"allow":["GET"]}}],"collection":[{"href":"http:\/\/argentinamunicipal.com.ar\/argentina\/wp-json\/wp\/v2\/posts"}],"about":[{"href":"http:\/\/argentinamunicipal.com.ar\/argentina\/wp-json\/wp\/v2\/types\/post"}],"author":[{"embeddable":true,"href":"http:\/\/argentinamunicipal.com.ar\/argentina\/wp-json\/wp\/v2\/users\/2"}],"replies":[{"embeddable":true,"href":"http:\/\/argentinamunicipal.com.ar\/argentina\/wp-json\/wp\/v2\/comments?post=151431"}],"version-history":[{"count":0,"href":"http:\/\/argentinamunicipal.com.ar\/argentina\/wp-json\/wp\/v2\/posts\/151431\/revisions"}],"wp:featuredmedia":[{"embeddable":true,"href":"http:\/\/argentinamunicipal.com.ar\/argentina\/wp-json\/wp\/v2\/media\/151432"}],"wp:attachment":[{"href":"http:\/\/argentinamunicipal.com.ar\/argentina\/wp-json\/wp\/v2\/media?parent=151431"}],"wp:term":[{"taxonomy":"category","embeddable":true,"href":"http:\/\/argentinamunicipal.com.ar\/argentina\/wp-json\/wp\/v2\/categories?post=151431"},{"taxonomy":"post_tag","embeddable":true,"href":"http:\/\/argentinamunicipal.com.ar\/argentina\/wp-json\/wp\/v2\/tags?post=151431"}],"curies":[{"name":"wp","href":"https:\/\/api.w.org\/{rel}","templated":true}]}}