{"id":151437,"date":"2024-11-04T05:40:50","date_gmt":"2024-11-04T08:40:50","guid":{"rendered":"http:\/\/argentinamunicipal.com.ar\/argentina\/?p=151437"},"modified":"2024-10-31T20:01:14","modified_gmt":"2024-10-31T23:01:14","slug":"piden-que-javier-milei-no-venda-un-valioso-campo-en-valle-de-uco-mendoza","status":"publish","type":"post","link":"http:\/\/argentinamunicipal.com.ar\/argentina\/piden-que-javier-milei-no-venda-un-valioso-campo-en-valle-de-uco-mendoza\/","title":{"rendered":"Piden que Javier Milei no venda un valioso campo en Valle de Uco, Mendoza"},"content":{"rendered":"<p>Se trata de un extenso campo en la zona de Valle de Uco que est\u00e1 en conflicto entre puesteros y el Ej\u00e9rcito. El Gobierno municipal tiene una propuesta alternativa a la venta y est\u00e1 haciendo gestiones.<\/p>\n<p>El presidente Javier Milei present\u00f3 hace unos d\u00edas el listado de tierras de gran valor econ\u00f3mico que pondr\u00e1 a la venta en todo el pa\u00eds. Como figuraba Campo Yaucha, que pertenece al departamento de San Carlos, su intendente, Alejandro Morillas, le pidi\u00f3 al Gobierno nacional que excluya esas tierras de la lista que pretende vender. En ese sentido, pidi\u00f3 a Milei y al Gobierno provincial que se considere el \u201cProyecto de Desarrollo Integral del Campo General Alvarado \u2013 Estancia Yaucha\u201d, como una soluci\u00f3n efectiva y sostenible para resolver el conflicto que enfrentan las familias de puesteros hist\u00f3ricos en Campo Yaucha con el Ej\u00e9rcito Argentino, que data de hace muchos a\u00f1os.<\/p>\n<p>\u201cPedimos que, mientras se analiza nuestro Proyecto de Desarrollo Integral y la pr\u00f3rroga de los pedidos de desalojo de los puesteros hist\u00f3ricos, este campo no sea incluido en las ventas para garantizar la estabilidad de las familias afectadas\u201d, pidi\u00f3 Morillas (del frente Encuentro por San Carlos) al Gobierno de la Naci\u00f3n mediante una nota que present\u00f3 hace unos d\u00edas a la Agencia de Administraci\u00f3n de Bienes del Estado.<\/p>\n<p>Estos terrenos, que se calculan son unas 5.000 hect\u00e1reas, est\u00e1n en conflicto hace muchos a\u00f1os. Hay una disputa que lleg\u00f3 a la Justiia entre familias de puesteros que habitan la zona hace m\u00e1s de 60 a\u00f1os con el Ej\u00e9rcito Argentino que tom\u00f3 posesi\u00f3n durante la dictadura militar. Hace cuatro meses, Morillas, junto al Concejo Deliberante y las familias de los puestos se vienen reuniendo para buscar una alternativa. En ese sentido, han trabajando en una iniciativa alternativa que se llama \u00abProyecto de Desarrollo Integran del Campo General Alvarado- Estancia Yaucha\u00bb, como \u00abuna soluci\u00f3n efectiva y sostenible al problema que enfrenta a los puesteros con el Ej\u00e9rcito\u00bb, seg\u00fan present\u00f3 el intendente al Gobierno de Milei.<\/p>\n<p>De hecho, la propuesta, no s\u00f3lo fue remitida a la Agencia de Administraci\u00f3n de Bienes del Estado Argentino sino tambi\u00e9n al Ministerio de Defensa, del que depende el Ej\u00e9rcito argentino, y que est\u00e1 a cargo del mendocino Luis Petri, quien es el ministro desde que asumi\u00f3 el presidente Milei.<\/p>\n<p>El proyecto busca transformar el Campo General Alvarado, una vasta \u00c1rea en la Reserva Natural Laguna del Diamante, en un polo de Turismo de Naturaleza, combinando \u00abecoturismo, turismo de aventura y turismo rural, e integrando as\u00ed la ganader\u00eda tradicional de los puesteros en un marco de desarrollo tur\u00edstico. Como parte de las acciones previstas, se contempla\u00bb la recuperaci\u00f3n de senderos hist\u00f3ricos y la creaci\u00f3n de un circuito tur\u00edstico y educativo que permita al visitante conocer la riqueza cultural y natural de la regi\u00f3n.\u00bb En ese sentido, planean que el espacio, ofrezca actividades de senderismo, avistamiento de fauna y pesca deportiva, consolid\u00e1ndose como un destino atractivo y sostenible\u00bb.<\/p>\n<p>Morillas aclar\u00f3 que el municipio se comprometi\u00f3 a actuar \u00abcomo garante de la implementaci\u00f3n de las acciones del proyecto, coordinando esfuerzos con los gobiernos nacional y provincial para asegurar que los derechos de los puesteros sean respetados en el proceso. Nuestro compromiso es firme en ser los garantes de un desarrollo justo y ordenado para estas familias, en el marco de la paz y el crecimiento econ\u00f3mico regional\u201d, sostuvo el intendente.<\/p>\n<p>Si se observa el\u00a0terreno, se puede ver su\u00a0valor que no s\u00f3lo es tur\u00edstico. Hay agua dulce, plantaciones de papa y por lo tanto es apto para otros tipo de cultivo. Por lo tanto, es totalmente apto para la agricultura y la ganader\u00eda, que trabajan los puesteros de la zona pero adem\u00e1s una multinacional que cultiva papa para venderla luego congelada.<\/p>\n<p>Pero no s\u00f3lo eso: desde los\u00a0terrenos\u00a0se pueden observar en la precordillera cerros de color rojizo. En San Carlos aseguran que se debe a que contiene cobre porque se trata de la continuidad de la mina El Teniente que se explota del otro lado, es decir en el pa\u00eds vecino de Chile.<\/p>\n<p><strong>Una larga historia de conflicto<\/strong><br \/>\nEn 1945, el Estado Nacional expropi\u00f3 estas tierras a Margarita Mosso de Casale, que las hab\u00eda adquirido mediante una subasta. Seg\u00fan consigna la Ley de Expropiaci\u00f3n y sus resoluciones posteriores, el Gobierno tom\u00f3 posesi\u00f3n del Campo Yaucha con fines de uso militar estrat\u00e9gico, pero a la vez previendo el otorgamiento de derechos de uso y vivienda a las familias que ya se emplazaban en el lugar.<\/p>\n<p>Si bien la posesi\u00f3n a las familias puesteras nunca se otorg\u00f3 de forma estable o permanente, las familias de puesteros siguieron desarrollando la ganader\u00eda y la agricultura. En 1979, plena dictadura militar, el Ej\u00e9rcito de manera unilateral decidi\u00f3 tomar las tierras generando tensi\u00f3n no s\u00f3lo con los puesteros sino tambi\u00e9n con Chile, que queda a un paso de este campo. Con la democracia, el Ej\u00e9rcito abandon\u00f3 el uso de las tierras aunque mantuvo su titularidad, cobrando un monto a los puesteros. Luego del 2010, la Naci\u00f3n emprendi\u00f3 litigios judiciales para desalojar a los puesteros que ya llevan m\u00e1s de 6 d\u00e9cadas en la zona.<\/p>\n<h6>Fuente: MDZ<\/h6>\n","protected":false},"excerpt":{"rendered":"<p>Se trata de un extenso campo en la zona de Valle de Uco que est\u00e1 en conflicto entre puesteros y el Ej\u00e9rcito. El Gobierno municipal tiene una propuesta alternativa a la venta y est\u00e1 haciendo gestiones.<\/p>\n","protected":false},"author":2,"featured_media":151438,"comment_status":"closed","ping_status":"closed","sticky":false,"template":"","format":"standard","meta":{"footnotes":""},"categories":[2],"tags":[31],"class_list":["post-151437","post","type-post","status-publish","format-standard","has-post-thumbnail","hentry","category-informe-municipal","tag-mendoza"],"_links":{"self":[{"href":"http:\/\/argentinamunicipal.com.ar\/argentina\/wp-json\/wp\/v2\/posts\/151437","targetHints":{"allow":["GET"]}}],"collection":[{"href":"http:\/\/argentinamunicipal.com.ar\/argentina\/wp-json\/wp\/v2\/posts"}],"about":[{"href":"http:\/\/argentinamunicipal.com.ar\/argentina\/wp-json\/wp\/v2\/types\/post"}],"author":[{"embeddable":true,"href":"http:\/\/argentinamunicipal.com.ar\/argentina\/wp-json\/wp\/v2\/users\/2"}],"replies":[{"embeddable":true,"href":"http:\/\/argentinamunicipal.com.ar\/argentina\/wp-json\/wp\/v2\/comments?post=151437"}],"version-history":[{"count":0,"href":"http:\/\/argentinamunicipal.com.ar\/argentina\/wp-json\/wp\/v2\/posts\/151437\/revisions"}],"wp:featuredmedia":[{"embeddable":true,"href":"http:\/\/argentinamunicipal.com.ar\/argentina\/wp-json\/wp\/v2\/media\/151438"}],"wp:attachment":[{"href":"http:\/\/argentinamunicipal.com.ar\/argentina\/wp-json\/wp\/v2\/media?parent=151437"}],"wp:term":[{"taxonomy":"category","embeddable":true,"href":"http:\/\/argentinamunicipal.com.ar\/argentina\/wp-json\/wp\/v2\/categories?post=151437"},{"taxonomy":"post_tag","embeddable":true,"href":"http:\/\/argentinamunicipal.com.ar\/argentina\/wp-json\/wp\/v2\/tags?post=151437"}],"curies":[{"name":"wp","href":"https:\/\/api.w.org\/{rel}","templated":true}]}}