{"id":151504,"date":"2024-11-05T05:45:23","date_gmt":"2024-11-05T08:45:23","guid":{"rendered":"http:\/\/argentinamunicipal.com.ar\/argentina\/?p=151504"},"modified":"2024-11-05T05:50:19","modified_gmt":"2024-11-05T08:50:19","slug":"municipales-santafesinos-contra-pullaro-desigual-manejo-de-los-ingresos-de-jubiladas-y-jubilados","status":"publish","type":"post","link":"http:\/\/argentinamunicipal.com.ar\/argentina\/municipales-santafesinos-contra-pullaro-desigual-manejo-de-los-ingresos-de-jubiladas-y-jubilados\/","title":{"rendered":"Municipales santafesinos contra Pullaro: desigual manejo de los ingresos de jubiladas y jubilados"},"content":{"rendered":"<p>La Federaci\u00f3n de Sindicatos de Trabajadores Municipales de la Provincia de Santa Fe -FESTRAM- frente a la dur\u00edsima realidad socioecon\u00f3mica que est\u00e1n viviendo las y los jubilados a partir de la modificaci\u00f3n al sistema previsional impulsada por el Gobernador Pullaro, solicita se revea de inmediato los plazos de efectivizaci\u00f3n de los aumentos salariales obtenidos en mesa paritaria<\/p>\n<p>\u00a1El gobierno provincial a partir de aprobada la ley \u2013 y en forma autom\u00e1tica- le aplic\u00f3 a las y los jubiladoxs el nefasto \u201caporte solidario\u201d, pero reci\u00e9n pagar\u00e1 el Aumento Paritario de octubre en el mes de enero del 2025!<\/p>\n<p>Situaci\u00f3n que se agudiza en un contexto de p\u00e9rdida del derecho a la salud, plasmado en la reducci\u00f3n de cobertura de medicamentos, suspensi\u00f3n de pr\u00e1cticas m\u00e9dicas, los aumentos desmedidos de la canasta b\u00e1sica de alimentos y los servicios indispensables para la supervivencia como el agua y la electricidad.<\/p>\n<p>Como lo venimos denunciando esta modificaci\u00f3n en la Ley es perjudicial para el sector trabajador activo porque se va aportar m\u00e1s, se va trabajar m\u00e1s para jubilarse y para los jubilados que ya cumplieron con sus aportes, que son obligados a volver al sistema (volviendo a aportar) avasallando todos sus derechos y discrimin\u00e1ndolos a la hora de otorgarles los aumentos obtenidos en Paritarias.<\/p>\n<p>Esto pone al descubierto al Senador Michlig en sus acusaciones hacia FESTARM al tratarnos de mentirosos. Nuestra Federaci\u00f3n no les miente a sus afiliados venimos rechazando la reforma que claramente perjudica a todxs los trabajadores en su conjunto. Ahora la verdad est\u00e1 a la vista y se refleja en el bolsillo de cada trabajador y trabajadora.<\/p>\n<p>Pedimos la urgente reconsideraci\u00f3n de semejante actitud injusta, desmedida y perjudicial para un sector vulnerable de nuestra poblaci\u00f3n que ya ha dado todo para la construcci\u00f3n de la Naci\u00f3n y que en esta etapa de su vida debemos garantizar el goce de sus derechos y no cercen\u00e1rselos.<\/p>\n<h6>Fuente: El Ciudadano<\/h6>\n","protected":false},"excerpt":{"rendered":"<p>\u00a1El gobierno provincial a partir de aprobada la ley \u2013 y en forma autom\u00e1tica- le aplic\u00f3 a las y los jubiladoxs el nefasto \u201caporte solidario\u201d, pero reci\u00e9n pagar\u00e1 el Aumento Paritario de octubre en el mes de enero del 2025!<\/p>\n","protected":false},"author":2,"featured_media":151538,"comment_status":"closed","ping_status":"closed","sticky":false,"template":"","format":"standard","meta":{"footnotes":""},"categories":[7],"tags":[10],"class_list":["post-151504","post","type-post","status-publish","format-standard","has-post-thumbnail","hentry","category-informe-sindical","tag-santa-fe"],"_links":{"self":[{"href":"http:\/\/argentinamunicipal.com.ar\/argentina\/wp-json\/wp\/v2\/posts\/151504","targetHints":{"allow":["GET"]}}],"collection":[{"href":"http:\/\/argentinamunicipal.com.ar\/argentina\/wp-json\/wp\/v2\/posts"}],"about":[{"href":"http:\/\/argentinamunicipal.com.ar\/argentina\/wp-json\/wp\/v2\/types\/post"}],"author":[{"embeddable":true,"href":"http:\/\/argentinamunicipal.com.ar\/argentina\/wp-json\/wp\/v2\/users\/2"}],"replies":[{"embeddable":true,"href":"http:\/\/argentinamunicipal.com.ar\/argentina\/wp-json\/wp\/v2\/comments?post=151504"}],"version-history":[{"count":0,"href":"http:\/\/argentinamunicipal.com.ar\/argentina\/wp-json\/wp\/v2\/posts\/151504\/revisions"}],"wp:featuredmedia":[{"embeddable":true,"href":"http:\/\/argentinamunicipal.com.ar\/argentina\/wp-json\/wp\/v2\/media\/151538"}],"wp:attachment":[{"href":"http:\/\/argentinamunicipal.com.ar\/argentina\/wp-json\/wp\/v2\/media?parent=151504"}],"wp:term":[{"taxonomy":"category","embeddable":true,"href":"http:\/\/argentinamunicipal.com.ar\/argentina\/wp-json\/wp\/v2\/categories?post=151504"},{"taxonomy":"post_tag","embeddable":true,"href":"http:\/\/argentinamunicipal.com.ar\/argentina\/wp-json\/wp\/v2\/tags?post=151504"}],"curies":[{"name":"wp","href":"https:\/\/api.w.org\/{rel}","templated":true}]}}