{"id":151507,"date":"2024-11-05T05:01:35","date_gmt":"2024-11-05T08:01:35","guid":{"rendered":"http:\/\/argentinamunicipal.com.ar\/argentina\/?p=151507"},"modified":"2024-11-04T19:14:06","modified_gmt":"2024-11-04T22:14:06","slug":"municipales-de-caleta-olivia-rechazan-propuesta-del-intendente-y-sigue-el-conflicto","status":"publish","type":"post","link":"http:\/\/argentinamunicipal.com.ar\/argentina\/municipales-de-caleta-olivia-rechazan-propuesta-del-intendente-y-sigue-el-conflicto\/","title":{"rendered":"Municipales de Caleta Olivia rechazan propuesta del intendente y sigue el conflicto"},"content":{"rendered":"<p>El conflicto salarial que mantiene un numeroso grupo de obreros y empleados municipales de Caleta Olivia con el Departamento Ejecutivo no tiene por ahora visos de resolverse y, por el contrario, contin\u00faa agrav\u00e1ndose.<\/p>\n<p>El intendente Pablo Carrizo hizo llegar el jueves a la conducci\u00f3n del gremio (SOEMCO) y a los integrantes de su mesa de negociaci\u00f3n una propuesta que no fue aceptada.<\/p>\n<p>La misma no implica incrementar el porcentual de aumento del 20 % a cancelar en dos tramos con los salarios de octubre y noviembre ya que lo \u00fanico que cambia es adelantar una revisi\u00f3n de nuevos incrementos para el mes de noviembre, algo que inicialmente estaba previsto para diciembre.<\/p>\n<p>Por ello los trabajadores que responden a la conducci\u00f3n del gremio (muchos otros no est\u00e1n plegados al paro) decidieron continuar con la toma pac\u00edfica de la sede del Concejo Deliberante y mantener el campamento que instalaron en el acceso al edificio central de la comuna que se encuentra frente al del cuerpo deliberativo, al tiempo que mantienen bloqueada la calle 25 de Mayo.<\/p>\n<p>Para colmo, este viernes se registr\u00f3 otra r\u00edspida situaci\u00f3n en el acceso al amplio predio de la Prefectura Naval ya que en ese lugar &#8211; reservado para el aterrizaje de helic\u00f3pteros-, el municipio hab\u00eda obtenido autorizaci\u00f3n para poder estacionar camiones y m\u00e1quinas viales, previendo la posibilidad de bloqueos a sectores operativos.<\/p>\n<p>Ante ello, un grupo de trabajadores que se mantienen con medidas de fuerza, decidi\u00f3 a hora temprana plantarse en el port\u00f3n de acceso que da hacia la avenida costanera para impedir la salida de las unidades de la flota pesada.<\/p>\n<p>El caso lleg\u00f3 a instancias legales y el juez de instrucci\u00f3n penal Marcos P\u00e9rez Soruco orden\u00f3 que al menos se permita la salida de dos camiones, uno de ellos aguatero, para asistir a los barrios que sufren desabastecimiento.<\/p>\n<p>Los manifestante acataron las directivas del magistrado y luego casi la totalidad se retir\u00f3 del lugar, circunstancia que fue aprovechada por el Departamento Ejecutivo para retirar el resto de los camiones y las m\u00e1quinas viales , en un n\u00famero estimado en veinte, pero adem\u00e1s ese operativo se hizo con la presencia de numerosos polic\u00edas en prevenci\u00f3n de incidentes<\/p>\n<p>No hay precisiones hacia qu\u00e9 lugar fue enviado el parque vial, pero se sabe que en parte se lo utiliz\u00f3 para las tareas operativas regulares de la comuna y con el personal que no est\u00e1 plegado el paro.<\/p>\n<h6>Fuente: El Patag\u00f3nico<\/h6>\n","protected":false},"excerpt":{"rendered":"<p>El conflicto salarial que mantiene un numeroso grupo de obreros y empleados municipales de Caleta Olivia con el Departamento Ejecutivo no tiene por ahora visos de resolverse y, por el contrario, contin\u00faa agrav\u00e1ndose.<\/p>\n","protected":false},"author":2,"featured_media":151508,"comment_status":"closed","ping_status":"closed","sticky":false,"template":"","format":"standard","meta":{"footnotes":""},"categories":[7],"tags":[29],"class_list":["post-151507","post","type-post","status-publish","format-standard","has-post-thumbnail","hentry","category-informe-sindical","tag-santa-cruz"],"_links":{"self":[{"href":"http:\/\/argentinamunicipal.com.ar\/argentina\/wp-json\/wp\/v2\/posts\/151507","targetHints":{"allow":["GET"]}}],"collection":[{"href":"http:\/\/argentinamunicipal.com.ar\/argentina\/wp-json\/wp\/v2\/posts"}],"about":[{"href":"http:\/\/argentinamunicipal.com.ar\/argentina\/wp-json\/wp\/v2\/types\/post"}],"author":[{"embeddable":true,"href":"http:\/\/argentinamunicipal.com.ar\/argentina\/wp-json\/wp\/v2\/users\/2"}],"replies":[{"embeddable":true,"href":"http:\/\/argentinamunicipal.com.ar\/argentina\/wp-json\/wp\/v2\/comments?post=151507"}],"version-history":[{"count":0,"href":"http:\/\/argentinamunicipal.com.ar\/argentina\/wp-json\/wp\/v2\/posts\/151507\/revisions"}],"wp:featuredmedia":[{"embeddable":true,"href":"http:\/\/argentinamunicipal.com.ar\/argentina\/wp-json\/wp\/v2\/media\/151508"}],"wp:attachment":[{"href":"http:\/\/argentinamunicipal.com.ar\/argentina\/wp-json\/wp\/v2\/media?parent=151507"}],"wp:term":[{"taxonomy":"category","embeddable":true,"href":"http:\/\/argentinamunicipal.com.ar\/argentina\/wp-json\/wp\/v2\/categories?post=151507"},{"taxonomy":"post_tag","embeddable":true,"href":"http:\/\/argentinamunicipal.com.ar\/argentina\/wp-json\/wp\/v2\/tags?post=151507"}],"curies":[{"name":"wp","href":"https:\/\/api.w.org\/{rel}","templated":true}]}}