{"id":151558,"date":"2024-11-11T05:43:04","date_gmt":"2024-11-11T08:43:04","guid":{"rendered":"http:\/\/argentinamunicipal.com.ar\/argentina\/?p=151558"},"modified":"2024-11-06T19:40:17","modified_gmt":"2024-11-06T22:40:17","slug":"godoy-cruz-fue-el-unico-municipio-del-pais-que-recibio-el-premio-cambras-a-las-finanzas-sostenibles","status":"publish","type":"post","link":"http:\/\/argentinamunicipal.com.ar\/argentina\/godoy-cruz-fue-el-unico-municipio-del-pais-que-recibio-el-premio-cambras-a-las-finanzas-sostenibles\/","title":{"rendered":"Godoy Cruz fue el \u00fanico Municipio del pa\u00eds que recibi\u00f3 el premio Cambras a las Finanzas Sostenibles"},"content":{"rendered":"<p>Cambras es la C\u00e1mara de Comercio, Industria y Servicios Argentino Brasile\u00f1a de la Rep\u00fablica Argentina.<\/p>\n<p>Godoy Cruz\u00a0es el \u00fanico Municipio del pa\u00eds en ser reconocido con el premio Cambras a las Finanzas Sostenibles.\u00a0El intendente Diego Costarelli recibi\u00f3 el galard\u00f3n en Buenos Aires.<\/p>\n<p>Cambras es una asociaci\u00f3n civil sin fines de lucro que apunta a fomentar el desarrollo de las relaciones comerciales, sociales y culturales entre ambos pa\u00edses.<\/p>\n<p>En esta oportunidad, la Comuna obtuvo el galard\u00f3n en la categor\u00eda\u00a0\u201csector p\u00fablico\u201d.\u00a0\u00a0Aqu\u00ed, el jurado valor\u00f3 la proactividad y liderazgo del Municipio en cuanto a emisiones etiquetadas.<\/p>\n<p>Se trata de la emisi\u00f3n de Letras SVS Godoy Cruz Serie II, por un monto de 600 millones de pesos. Cabe destacar que, las mismas fueron colocadas durante agosto de este a\u00f1o. Por lo tanto, con ese dinero, el Departamento recuper\u00f3 la inversi\u00f3n realizada en las obras que se desarrollaron en el Espacio Arizu.<\/p>\n<p>Adem\u00e1s,\u00a0se conform\u00f3 el Fondo SVS Godoy Cruz para destinarlo al patrimonio cultural y al equipamiento con eficiencia energ\u00e9tica.<\/p>\n<p>Entonces, se continuar\u00e1 con la inversi\u00f3n en energ\u00edas limpias como se ha avanzado e innovado hasta el momento. Entre ellas, se destacan los paneles solares, el fomento al transporte sustentable y el desarrollo del Parque Solar, entre otras iniciativas claves.<\/p>\n<p>\u201cSeguimos sosteniendo que Godoy Cruz est\u00e1 a la vanguardia de las pol\u00edticas ambientales. Son d\u00e9cadas invirtiendo en el medio ambiente, y consolidando al Municipio como l\u00edder en esta \u00e1rea\u201d, sostuvo Costarelli.<\/p>\n<p>Adem\u00e1s, el jefe comunal subray\u00f3 que \u201cno es casual que quienes circulan por nuestro Departamento convivan con autos el\u00e9ctricos; que nuestros vecinos formen parte de un plan de carbono neutralidad para 2030; que exijan una gesti\u00f3n eficiente de residuos; y que el territorio en su totalidad cuente con luminarias LED\u201d.<\/p>\n<p>Por \u00faltimo,\u00a0Costarelli explic\u00f3 a la prensa el trabajo que hace Godoy Cruz para fomentar al transporte sustentable.<\/p>\n<p>\u201cTenemos m\u00e1s de 70 kil\u00f3metros de ciclov\u00eda y se est\u00e1 trabajando en la obra del metrotranv\u00eda que va a atravesar toda la ciudad. De esta manera nos convertiremos en el lugar de mayor transporte sustentable de Mendoza. En Godoy Cruz convivir\u00e1n el peat\u00f3n, la bicicleta, el veh\u00edculo y el metrotranv\u00eda. Estas medidas colaboran con un buen vivir y para ello necesitamos dos ejes centrales: concientizaci\u00f3n e inversi\u00f3n\u201d, agreg\u00f3.<\/p>\n<p><strong>Un hito provincial y nacional<\/strong><br \/>\nEl camino de Godoy Cruz con las finanzas sostenibles se inici\u00f3 en el 2023 con la emisi\u00f3n de las Letras SVS Godoy Cruz Serie I.\u00a0Este hito constituy\u00f3 el Primer Bono Verde de un municipio en Mendoza, y el segundo a nivel nacional.<\/p>\n<p>Los Bonos Sociales, Verdes y Sustentables (\u201cBonos SVS\u201d) son valores negociables que se destinan a financiar o refinanciar proyectos. Puede ser en forma total o parcial, con beneficios sociales, ambientales o una combinaci\u00f3n de ambos (sustentables).<\/p>\n<p><strong>De qu\u00e9 se trata el Premio Cambras<\/strong><br \/>\nEl galard\u00f3n es una iniciativa que responde al compromiso de\u00a0CAMBRAS\u00a0con los desaf\u00edos planteados en la Agenda de los Objetivos de Desarrollo Sostenible de Naciones Unidas y el Acuerdo de Par\u00eds sobre el cambio clim\u00e1tico.<\/p>\n<p>Tiene como prop\u00f3sito visibilizar y reconocer las acciones m\u00e1s destacadas e innovadoras de inversores y organizaciones en Argentina para financiar proyectos sostenibles.<\/p>\n<h6>Fuente: Los Andes<\/h6>\n","protected":false},"excerpt":{"rendered":"<p>Cambras es la C\u00e1mara de Comercio, Industria y Servicios Argentino Brasile\u00f1a de la Rep\u00fablica Argentina.<\/p>\n","protected":false},"author":2,"featured_media":151559,"comment_status":"closed","ping_status":"closed","sticky":false,"template":"","format":"standard","meta":{"footnotes":""},"categories":[2],"tags":[31],"class_list":["post-151558","post","type-post","status-publish","format-standard","has-post-thumbnail","hentry","category-informe-municipal","tag-mendoza"],"_links":{"self":[{"href":"http:\/\/argentinamunicipal.com.ar\/argentina\/wp-json\/wp\/v2\/posts\/151558","targetHints":{"allow":["GET"]}}],"collection":[{"href":"http:\/\/argentinamunicipal.com.ar\/argentina\/wp-json\/wp\/v2\/posts"}],"about":[{"href":"http:\/\/argentinamunicipal.com.ar\/argentina\/wp-json\/wp\/v2\/types\/post"}],"author":[{"embeddable":true,"href":"http:\/\/argentinamunicipal.com.ar\/argentina\/wp-json\/wp\/v2\/users\/2"}],"replies":[{"embeddable":true,"href":"http:\/\/argentinamunicipal.com.ar\/argentina\/wp-json\/wp\/v2\/comments?post=151558"}],"version-history":[{"count":0,"href":"http:\/\/argentinamunicipal.com.ar\/argentina\/wp-json\/wp\/v2\/posts\/151558\/revisions"}],"wp:featuredmedia":[{"embeddable":true,"href":"http:\/\/argentinamunicipal.com.ar\/argentina\/wp-json\/wp\/v2\/media\/151559"}],"wp:attachment":[{"href":"http:\/\/argentinamunicipal.com.ar\/argentina\/wp-json\/wp\/v2\/media?parent=151558"}],"wp:term":[{"taxonomy":"category","embeddable":true,"href":"http:\/\/argentinamunicipal.com.ar\/argentina\/wp-json\/wp\/v2\/categories?post=151558"},{"taxonomy":"post_tag","embeddable":true,"href":"http:\/\/argentinamunicipal.com.ar\/argentina\/wp-json\/wp\/v2\/tags?post=151558"}],"curies":[{"name":"wp","href":"https:\/\/api.w.org\/{rel}","templated":true}]}}