{"id":151570,"date":"2024-11-06T05:45:07","date_gmt":"2024-11-06T08:45:07","guid":{"rendered":"http:\/\/argentinamunicipal.com.ar\/argentina\/?p=151570"},"modified":"2024-11-05T19:48:13","modified_gmt":"2024-11-05T22:48:13","slug":"el-intendente-de-tigre-encabezo-el-cierre-del-ciclo-de-charlas-ciudades-futuras","status":"publish","type":"post","link":"http:\/\/argentinamunicipal.com.ar\/argentina\/el-intendente-de-tigre-encabezo-el-cierre-del-ciclo-de-charlas-ciudades-futuras\/","title":{"rendered":"El intendente de Tigre encabez\u00f3 el cierre del ciclo de charlas Ciudades Futuras"},"content":{"rendered":"<p>El encuentro impulsado por el Municipio se realiz\u00f3 en Tigre centro y cont\u00f3 con un panel integrado por el ex gobernador de la provincia de C\u00f3rdoba, Ju\u00e1n Schiaretti y el diputado nacional, Florencio Randazzo. \u201cQueremos transitar una Argentina que tenga intercambio de ideas entre las fuerzas pol\u00edticas\u201d, destac\u00f3 el jefe comunal.<\/p>\n<p>En el Museo de Arte Tigre (MAT), el intendente Julio Zamora encabez\u00f3 el cierre del ciclo de charlas Ciudades Futuras que tuvo como disertantes al ex gobernador de la provincia de C\u00f3rdoba, Ju\u00e1n Schiaretti y al diputado nacional, Florencio Randazzo. El \u00faltimo -de los cuatro encuentros organizados por el Municipio- tuvo como eje \u201cModelos de Gesti\u00f3n\u201d, donde el jefe comunal resalt\u00f3 la importancia de tener \u201cintercambio de ideas entre las fuerzas pol\u00edticas\u201d.<\/p>\n<p>Seguido, destac\u00f3 la fuerte inversi\u00f3n en obra p\u00fablica que realiza el Gobierno local y agreg\u00f3: \u201cEsta es realmente una experiencia important\u00edsima, un intercambio que nos permite mostrar a Tigre y nuestro modelo de gesti\u00f3n. Adem\u00e1s, contamos con experiencias inspiradoras en la figura de Schiaretti y Randazzo que nos mostraron aspectos importantes de su paso por la funci\u00f3n p\u00fablica\u201d.<\/p>\n<p>\u201cTenemos que promover la amistad c\u00edvica. Basta de peleas, insultos, agresiones y cosas que no se dan en el \u00e1mbito de nuestra familia. Cuando la pol\u00edtica traslada elementos violentos, es peligroso, porque despu\u00e9s la sociedad se violenta. En el \u00e1mbito nacional, vemos muchos claroscuros, primero por el car\u00e1cter que se transmite desde el Poder Ejecutivo y en segundo lugar hay un sector amplio de la poblaci\u00f3n que est\u00e1n quedando por fuera del radar del Gobierno de Javier Milei\u201d<\/p>\n<p>La jornada comenz\u00f3 con la bienvenida del jefe de la comuna, quien resalt\u00f3 la necesidad de \u201cgenerar una Argentina integrada\u201d. Posteriormente, tomaron la palabra los panelistas, quienes enfatizaron en la pol\u00edtica como una \u201cherramienta de transformaci\u00f3n\u201d y destacaron estos encuentros como un espacio de debate p\u00fablico y b\u00fasqueda de soluciones conjuntas e innovadoras.<\/p>\n<p>Por su parte, Juan Schiaretti ratific\u00f3 su exposici\u00f3n e indic\u00f3: \u201cSi el equilibrio fiscal se hace a los hachazos y sin mirar a quien, no es sostenible en el tiempo. Por otro lado, tener un IVA provincial significa que no vamos a exportar impuestos, porque si hay una retenci\u00f3n negativa es la del Ingreso Bruto. Creo que a la Provincia de Buenos Aires le va a servir tener un IVA provincial, como tiene Brasil\u201d.<\/p>\n<p>La iniciativa municipal Ciudades Futuras tuvo como premisa debatir desaf\u00edos y exponer problem\u00e1ticas que se presentan a nivel local, provincial y nacional. Durante el primer ciclo se profundizaron temas como la \u201cLudopat\u00eda\u201d, \u201cEconom\u00eda Social\u201d, \u201cUrbanismo\u201d y, por \u00faltimo, \u201cModelos Gesti\u00f3n\u201d.<\/p>\n<p>\u201cMe parecen sumamente importantes este tipo de encuentros. Creo que si hay una falencia que ha tenido la pol\u00edtica ha sido la falta de gesti\u00f3n y no hay mejor forma que honrarla cuando uno tiene un lugar de responsabilidad p\u00fablica. Gestionar es resolver los problemas que a diario afronta el ciudadano ya que el Estado tiene responsabilidades en materia de salud, educaci\u00f3n y transporte, entre otros\u201c, cerr\u00f3 Florencio Randazzo.<\/p>\n<p>Durante las diferentes jornadas tambi\u00e9n fueron disertantes referentes pol\u00edticos como Horacio Rodr\u00edguez Larreta, Facundo Manes y Mart\u00edn Guzm\u00e1n; y representantes del sector privado, eclese\u00e1stico y educativo como Agust\u00edn Salvia, Marit\u00e9 y Eduardo Costantini, Carlos Olivero, Mart\u00edn Palma y Cecilia Brondo.<\/p>\n<h6>Fuente: P\u00e1gina 12<\/h6>\n","protected":false},"excerpt":{"rendered":"<p>El encuentro impulsado por el Municipio se realiz\u00f3 en Tigre centro y cont\u00f3 con un panel integrado por el ex gobernador de la provincia de C\u00f3rdoba, Ju\u00e1n Schiaretti y el diputado nacional, Florencio Randazzo.<\/p>\n","protected":false},"author":2,"featured_media":151571,"comment_status":"closed","ping_status":"closed","sticky":false,"template":"","format":"standard","meta":{"footnotes":""},"categories":[2],"tags":[12],"class_list":["post-151570","post","type-post","status-publish","format-standard","has-post-thumbnail","hentry","category-informe-municipal","tag-buenos-aires"],"_links":{"self":[{"href":"http:\/\/argentinamunicipal.com.ar\/argentina\/wp-json\/wp\/v2\/posts\/151570","targetHints":{"allow":["GET"]}}],"collection":[{"href":"http:\/\/argentinamunicipal.com.ar\/argentina\/wp-json\/wp\/v2\/posts"}],"about":[{"href":"http:\/\/argentinamunicipal.com.ar\/argentina\/wp-json\/wp\/v2\/types\/post"}],"author":[{"embeddable":true,"href":"http:\/\/argentinamunicipal.com.ar\/argentina\/wp-json\/wp\/v2\/users\/2"}],"replies":[{"embeddable":true,"href":"http:\/\/argentinamunicipal.com.ar\/argentina\/wp-json\/wp\/v2\/comments?post=151570"}],"version-history":[{"count":0,"href":"http:\/\/argentinamunicipal.com.ar\/argentina\/wp-json\/wp\/v2\/posts\/151570\/revisions"}],"wp:featuredmedia":[{"embeddable":true,"href":"http:\/\/argentinamunicipal.com.ar\/argentina\/wp-json\/wp\/v2\/media\/151571"}],"wp:attachment":[{"href":"http:\/\/argentinamunicipal.com.ar\/argentina\/wp-json\/wp\/v2\/media?parent=151570"}],"wp:term":[{"taxonomy":"category","embeddable":true,"href":"http:\/\/argentinamunicipal.com.ar\/argentina\/wp-json\/wp\/v2\/categories?post=151570"},{"taxonomy":"post_tag","embeddable":true,"href":"http:\/\/argentinamunicipal.com.ar\/argentina\/wp-json\/wp\/v2\/tags?post=151570"}],"curies":[{"name":"wp","href":"https:\/\/api.w.org\/{rel}","templated":true}]}}