{"id":151576,"date":"2024-11-08T05:54:28","date_gmt":"2024-11-08T08:54:28","guid":{"rendered":"http:\/\/argentinamunicipal.com.ar\/argentina\/?p=151576"},"modified":"2024-11-08T06:31:20","modified_gmt":"2024-11-08T09:31:20","slug":"le-piden-al-municipio-que-custodie-los-recursos-naturales-de-la-costa-de-santa-fe","status":"publish","type":"post","link":"http:\/\/argentinamunicipal.com.ar\/argentina\/le-piden-al-municipio-que-custodie-los-recursos-naturales-de-la-costa-de-santa-fe\/","title":{"rendered":"Le piden al municipio que \u00abcustodie\u00bb los recursos naturales de la Costa de Santa Fe"},"content":{"rendered":"<p>Se solicit\u00f3 una fuerte campa\u00f1a de concientizaci\u00f3n sobre el cuidado y la preservaci\u00f3n de las aguas de r\u00edos y lagunas.<\/p>\n<p>Con una resoluci\u00f3n sancionada sobre tablas, el\u00a0Concejo de Santa Fe\u00a0dispuso que el\u00a0Ejecutivo Municipal\u00a0realice estudios de factibilidad para desarrollar e implementar una campa\u00f1a de concientizaci\u00f3n sobre el cuidado y la preservaci\u00f3n de las aguas de r\u00edos y lagunas, en particular los que rodean a la\u00a0ciudad capital, como la\u00a0Laguna Set\u00fabal\u00a0y los r\u00edos Salado y Colastin\u00e9.<\/p>\n<p>La campa\u00f1a de concientizaci\u00f3n deber\u00e1 contemplar dos puntos centrales: la promoci\u00f3n del cuidado de las aguas de la Laguna Set\u00fabal y de los r\u00edos que rodean la ciudad, y la concientizaci\u00f3n sobre los riesgos y consecuencias de la contaminaci\u00f3n de los mismos, con pl\u00e1sticos, por ejemplo.<\/p>\n<p>Se autoriza al Ejecutivo capitalino a suscribir convenios con organismos especializados en el abordaje del tema. Y de resultar favorable la factibilidad, el municipio deber\u00e1 informar al Legislativo local un informe exhaustivo de la realizaci\u00f3n de las tareas o trabajos solicitados en la resoluci\u00f3n.<\/p>\n<p><strong>Datos alarmantes<\/strong><br \/>\nSon reiteradas las notas que\u00a0El Litoral\u00a0ha publicado sobre la cuesti\u00f3n de la contaminaci\u00f3n en toda la zona ribere\u00f1a de Santa Fe. El a\u00f1o pasado, una cr\u00f3nica advert\u00eda que\u00a0hay 44 especies de aves y peces aut\u00f3ctonas que tienen una \u201crelaci\u00f3n t\u00f3xica\u201d con los pl\u00e1sticos. Fue a mediados del a\u00f1o pasado.<\/p>\n<p>\u201cSeg\u00fan el Observatorio Ambiental Urbano de Santa Fe (\u2026), la ciudad produce en la actualidad un 11% de desechos pl\u00e1sticos con relaci\u00f3n al total que se genera. El resto son un 53% de desechos alimenticios, y el resto se divide entre papel, cart\u00f3n, pa\u00f1ales descartables, vidrios, metales, textiles y otros materiales\u201d, le explicaba a este medio el doctor en Ciencias Biol\u00f3gicas e investigador independiente de\u00a0Conicet, Mart\u00edn Blettler.<\/p>\n<p>El experto advert\u00eda que seg\u00fan el resultado de los distintos estudios cient\u00edficos que se vienen realizando, \u201chemos arribado a conclusiones que elevamos a las autoridades de los diferentes niveles del Estado para que las tengan en cuenta. Por ejemplo, en la laguna Set\u00fabal encontramos alt\u00edsimos niveles de contaminaci\u00f3n por micro, meso y macro pl\u00e1sticos\u201d.<\/p>\n<p><strong>Fundamentos<\/strong><br \/>\nLa autora de la resoluci\u00f3n fue la concejala\u00a0Jorgelina Mudallel\u00a0(Bloque PJ). En los fundamentos del texto sancionado, la legisladora local recuerda que el agua es esencial para el desarrollo de la vida; la comunidad debe conocer la importancia de su calidad y encargarse de su cuidado y preservaci\u00f3n.<\/p>\n<p>\u201cTodos los habitantes gozan del derecho a un ambiente sano, equilibrado, apto para el desarrollo humano y para que las actividades productivas satisfagan las necesidades presentes sin comprometer las de las generaciones futuras; y tienen el deber de preservarlo\u201d, cita Mudallel el art\u00edculo 72, inciso 22 de la\u00a0Constituci\u00f3n Nacional.<\/p>\n<p>Y prosigue: \u201cEl da\u00f1o ambiental generar\u00e1 prioritariamente la obligaci\u00f3n de recomponer, seg\u00fan lo establezca la ley. Las autoridades proveer\u00e1n a la protecci\u00f3n de este derecho, a la utilizaci\u00f3n racional de los recursos naturales, a la preservaci\u00f3n del patrimonio natural y cultural y de la diversidad biol\u00f3gica, y a la informaci\u00f3n y educaci\u00f3n ambientales\u201d.<\/p>\n<p><strong>Da\u00f1o ambiental<\/strong><br \/>\n\u201cEl da\u00f1o ambiental tiene como caracter\u00edstica la incertidumbre, por ello se debe aplicar el principio precautorio el que tiene como regla que cuando exista peligro de da\u00f1o grave e irreversible, la falta de certeza cient\u00edfica absoluta no deber\u00e1 utilizarse como raz\u00f3n para postergar la adopci\u00f3n de medidas eficaces en funci\u00f3n de los costos para impedir la degradaci\u00f3n al medio ambiente\u201d, manifest\u00f3 Mudallel.<\/p>\n<p>Asimismo, record\u00f3 que el Instituto Nacional de Limnolog\u00eda, un grupo de investigaci\u00f3n lleva adelante estudios que \u201chan arrojado resultados preocupantes: detectaron un alto \u00edndice de contaminaci\u00f3n por pl\u00e1stico en los cursos de agua del Paran\u00e1, la Laguna Set\u00fabal y en cauces cercanos\u201d.<\/p>\n<p>\u201c\u2018Las botellas y otros residuos pl\u00e1sticos son extremadamente abundantes; sin embargo, como sociedad a\u00fan no vemos el problema en su total magnitud y no lo asociamos con lo que realmente significa\u2019, declar\u00f3 Mart\u00edn Blettler\u201d, cita la concejala.<\/p>\n<p>\u201cDebe ser una pol\u00edtica de Estado concientizar a la poblaci\u00f3n santafesina sobre los cuidados y las acciones que se deben adoptar para preservar nuestros recursos y poder brindarles a todos los santafesinos y santafesinas, como tambi\u00e9n turistas que se acercan a nuestra ciudad, espacios p\u00fablicos de calidad. Es la Municipalidad quien gobierna los intereses locales, y tiene la obligaci\u00f3n de prestar el servicio de limpieza dentro de esta capital\u201d, concluy\u00f3 la edila.<\/p>\n<h6>Fuente: El Litoral<\/h6>\n","protected":false},"excerpt":{"rendered":"<p>Se solicit\u00f3 una fuerte campa\u00f1a de concientizaci\u00f3n sobre el cuidado y la preservaci\u00f3n de las aguas de r\u00edos y lagunas.<\/p>\n","protected":false},"author":2,"featured_media":151651,"comment_status":"closed","ping_status":"closed","sticky":false,"template":"","format":"standard","meta":{"footnotes":""},"categories":[2],"tags":[10],"class_list":["post-151576","post","type-post","status-publish","format-standard","has-post-thumbnail","hentry","category-informe-municipal","tag-santa-fe"],"_links":{"self":[{"href":"http:\/\/argentinamunicipal.com.ar\/argentina\/wp-json\/wp\/v2\/posts\/151576","targetHints":{"allow":["GET"]}}],"collection":[{"href":"http:\/\/argentinamunicipal.com.ar\/argentina\/wp-json\/wp\/v2\/posts"}],"about":[{"href":"http:\/\/argentinamunicipal.com.ar\/argentina\/wp-json\/wp\/v2\/types\/post"}],"author":[{"embeddable":true,"href":"http:\/\/argentinamunicipal.com.ar\/argentina\/wp-json\/wp\/v2\/users\/2"}],"replies":[{"embeddable":true,"href":"http:\/\/argentinamunicipal.com.ar\/argentina\/wp-json\/wp\/v2\/comments?post=151576"}],"version-history":[{"count":0,"href":"http:\/\/argentinamunicipal.com.ar\/argentina\/wp-json\/wp\/v2\/posts\/151576\/revisions"}],"wp:featuredmedia":[{"embeddable":true,"href":"http:\/\/argentinamunicipal.com.ar\/argentina\/wp-json\/wp\/v2\/media\/151651"}],"wp:attachment":[{"href":"http:\/\/argentinamunicipal.com.ar\/argentina\/wp-json\/wp\/v2\/media?parent=151576"}],"wp:term":[{"taxonomy":"category","embeddable":true,"href":"http:\/\/argentinamunicipal.com.ar\/argentina\/wp-json\/wp\/v2\/categories?post=151576"},{"taxonomy":"post_tag","embeddable":true,"href":"http:\/\/argentinamunicipal.com.ar\/argentina\/wp-json\/wp\/v2\/tags?post=151576"}],"curies":[{"name":"wp","href":"https:\/\/api.w.org\/{rel}","templated":true}]}}