{"id":151609,"date":"2024-11-07T05:42:47","date_gmt":"2024-11-07T08:42:47","guid":{"rendered":"http:\/\/argentinamunicipal.com.ar\/argentina\/?p=151609"},"modified":"2024-11-06T19:46:13","modified_gmt":"2024-11-06T22:46:13","slug":"amsafe-rosario-denuncio-que-docentes-rurales-presentan-dano-genotoxico-por-las-fumigaciones","status":"publish","type":"post","link":"http:\/\/argentinamunicipal.com.ar\/argentina\/amsafe-rosario-denuncio-que-docentes-rurales-presentan-dano-genotoxico-por-las-fumigaciones\/","title":{"rendered":"Amsaf\u00e9 Rosario denunci\u00f3 que docentes rurales presentan \u00abda\u00f1o genot\u00f3xico\u00bb por las fumigaciones"},"content":{"rendered":"<p>Junto con investigadoras del Conicet relevaron la exposici\u00f3n de maestros y auxiliares a agroqu\u00edmicos en Ibarlucea, Alvear, Villa Amelia, La Carolina y Acebal.<\/p>\n<p>Docentes y auxiliares de escuelas rurales\u00a0del departamento Rosario presentan\u00a0da\u00f1o genot\u00f3xico. As\u00ed lo se\u00f1ala un\u00a0estudio sobre contaminaci\u00f3n ambiental\u00a0llevado adelante por cient\u00edficas del Conicet convenio con Amsaf\u00e9 Rosario.<br \/>\nLa investigaci\u00f3n, presentada este mi\u00e9rcoles por la ma\u00f1ana en la sede local del sindicato docente, se desarroll\u00f3 a lo largo de este a\u00f1o, por medio de encuestas, entrevistas y tomas de muestras biol\u00f3gicas realizadas a 32\u00a0docentes y auxiliares de escuelas rurales de Ibarlucea, Alvear, Villa Amelia, La Carolina y Acebal.<\/p>\n<p>Gabriela Meglio, secretaria adjunta del gremio, explic\u00f3 que el estudio explor\u00f3 la relaci\u00f3n entre salud docente y contaminantes ambientales, evaluando particularmente la exposici\u00f3n ocupacional de docentes y auxiliares a las fumigaciones. Las personas que participaron de la investigaci\u00f3n trabajan en escuelas que se encuentran a un m\u00e1ximo de 700 metros de campos con cultivos, estando algunas de ellas a menos de 40 metros de los mismos.<\/p>\n<p><strong>El estudio en territorio<\/strong><br \/>\nMeglio apunt\u00f3 que la informaci\u00f3n relevada por las investigadoras del Conicet a partir de estudios gen\u00e9ticos alerta sobre\u00a0la presencia de da\u00f1o genot\u00f3xico que supera los valores normales, especialmente entre docentes cuyas escuelas se encuentran muy pr\u00f3ximas a campos de cultivo.<\/p>\n<p>\u00abLa verificaci\u00f3n cient\u00edfica de esta realidad es en s\u00ed misma un aporte valiente de las trabajadoras del Conicet y de quienes se sumaron a la investigaci\u00f3n, en oposici\u00f3n a la pol\u00edtica de ocultamiento sistem\u00e1tico de todos los niveles de gobierno a lo largo de d\u00e9cadas y la persecuci\u00f3n sufrida por el activismo ambiental que no pudo ser acallado\u00bb, agreg\u00f3 la dirigente de Amsaf\u00e9 Rosario. Adelant\u00f3 que\u00a0con esta informaci\u00f3n\u00a0el sindicato apunta a reclamar medidas de protecci\u00f3n espec\u00edfica para la docencia y el personal no docente que trabaja en contexto de ruralidad.<\/p>\n<p><strong>Da\u00f1o genot\u00f3xico<\/strong><br \/>\nPor su parte, Delia Aiassa, docente e investigadora de la Universidad Nacional de Rio Cuarto (UNRC), explic\u00f3 que el material gen\u00e9tico recogido provino de muestras de saliva, que permitieron estudiar si el mismo pose\u00eda da\u00f1o en el ADN o da\u00f1o genot\u00f3xico. \u00abDe la observaci\u00f3n de los valores es posible indicar que\u00a0la poblaci\u00f3n de docentes y auxiliares analizada presenta un n\u00famero mayor de c\u00e9lulas con da\u00f1o gen\u00e9tico o genot\u00f3xico, si lo comparamos con los valores basales o de referencia\u00bb, dijo la investigadora. Agreg\u00f3 que el da\u00f1o genot\u00f3xico encontrado en la poblaci\u00f3n estudiada es de 4,5\u00b15,1 MN\/1000 c\u00e9lulas, cuando los valores de referencia en la bibliograf\u00eda nacional son de 3 MN\/1000 c\u00e9lulas en promedio y, seg\u00fan la bibliograf\u00eda internacional entre 0.5 y 2.5 MN cada 1000 c\u00e9lulas.<\/p>\n<p><strong>Comparativo entre escuelas<\/strong><br \/>\nLucia Caisso, investigadora del Conicet y tambi\u00e9n integrante del proyecto, profundiz\u00f3: \u201cEl estudio tambi\u00e9n nos permite hacer an\u00e1lisis comparativos de los resultados por escuelas.\u00a0Si bien la cantidad de personas muestreadas es peque\u00f1a, es posible inferir que las docentes de la escuela rural de la localidad de Alvear tendr\u00edan una mayor exposici\u00f3n a agentes genot\u00f3xicos que las docentes de Ibarlucea. Mientras que las y los docentes muestreadas en el Centro de Salud de Villa Amelia estar\u00edan dentro de los valores considerados normales\u00bb. Para la cient\u00edfica, estos resultados diferenciales podr\u00edan asociarse a\u00a0la mayor o menor distancia de las escuelas\u00a0respecto de los campos de cultivos tratados con plaguicidas agr\u00edcolas, \u00abya que existen numerosos reportes que indican que la exposici\u00f3n a los plaguicidas aumenta los riesgos para la salud humana\u00bb.<\/p>\n<p>\u00abSe debe destacar que\u00a0el da\u00f1o gen\u00e9tico detectado puede ser reversible\u00a0si se elimina o disminuye el agente que lo causa, y por lo tanto descender\u00e1 el riesgo a desarrollar enfermedades\u00bb, apunt\u00f3.<\/p>\n<p>Por su parte, Juan Pablo Casiello, titular de Amsaf\u00e9 Rosario, concluy\u00f3: \u00abEste estudio pone en evidencia que la docencia de nuestro departamento que trabaja en contextos de ruralidad se encuentra expuesta a mayores niveles de contaminaci\u00f3n ambiental, por las pulverizaciones con plaguicidas agr\u00edcolas. La complicidad estatal ante la problem\u00e1tica es enorme, los vecinos afectados son los que en general denuncian, logrando algunas medidas de protecci\u00f3n fragmentarias y limitadas. Resulta indispensable profundizar esta investigaci\u00f3n sumando al estudio a docentes y auxiliares de escuelas rurales de otras zonas de la provincia de Santa Fe, para frenar los da\u00f1os que provocan los contaminantes ambientales. Desde Amsaf\u00e9 Rosario vamos a reclamar medidas de resguardo y prevenci\u00f3n de la salud de nuestros compa\u00f1eros y compa\u00f1eras\u00bb.<\/p>\n<h6>Fuente: La Capital<\/h6>\n","protected":false},"excerpt":{"rendered":"<p>Junto con investigadoras del Conicet relevaron la exposici\u00f3n de maestros y auxiliares a agroqu\u00edmicos en Ibarlucea, Alvear, Villa Amelia, La Carolina y Acebal.<\/p>\n","protected":false},"author":2,"featured_media":151610,"comment_status":"closed","ping_status":"closed","sticky":false,"template":"","format":"standard","meta":{"footnotes":""},"categories":[2],"tags":[10],"class_list":["post-151609","post","type-post","status-publish","format-standard","has-post-thumbnail","hentry","category-informe-municipal","tag-santa-fe"],"_links":{"self":[{"href":"http:\/\/argentinamunicipal.com.ar\/argentina\/wp-json\/wp\/v2\/posts\/151609","targetHints":{"allow":["GET"]}}],"collection":[{"href":"http:\/\/argentinamunicipal.com.ar\/argentina\/wp-json\/wp\/v2\/posts"}],"about":[{"href":"http:\/\/argentinamunicipal.com.ar\/argentina\/wp-json\/wp\/v2\/types\/post"}],"author":[{"embeddable":true,"href":"http:\/\/argentinamunicipal.com.ar\/argentina\/wp-json\/wp\/v2\/users\/2"}],"replies":[{"embeddable":true,"href":"http:\/\/argentinamunicipal.com.ar\/argentina\/wp-json\/wp\/v2\/comments?post=151609"}],"version-history":[{"count":0,"href":"http:\/\/argentinamunicipal.com.ar\/argentina\/wp-json\/wp\/v2\/posts\/151609\/revisions"}],"wp:featuredmedia":[{"embeddable":true,"href":"http:\/\/argentinamunicipal.com.ar\/argentina\/wp-json\/wp\/v2\/media\/151610"}],"wp:attachment":[{"href":"http:\/\/argentinamunicipal.com.ar\/argentina\/wp-json\/wp\/v2\/media?parent=151609"}],"wp:term":[{"taxonomy":"category","embeddable":true,"href":"http:\/\/argentinamunicipal.com.ar\/argentina\/wp-json\/wp\/v2\/categories?post=151609"},{"taxonomy":"post_tag","embeddable":true,"href":"http:\/\/argentinamunicipal.com.ar\/argentina\/wp-json\/wp\/v2\/tags?post=151609"}],"curies":[{"name":"wp","href":"https:\/\/api.w.org\/{rel}","templated":true}]}}