{"id":151612,"date":"2024-11-11T05:47:04","date_gmt":"2024-11-11T08:47:04","guid":{"rendered":"http:\/\/argentinamunicipal.com.ar\/argentina\/?p=151612"},"modified":"2024-11-06T19:49:32","modified_gmt":"2024-11-06T22:49:32","slug":"la-cooperativa-de-maleteros-de-la-terminal-de-omnibus-pide-aumento-queremos-empezar-a-ser-trabajadores-como-corresponde","status":"publish","type":"post","link":"http:\/\/argentinamunicipal.com.ar\/argentina\/la-cooperativa-de-maleteros-de-la-terminal-de-omnibus-pide-aumento-queremos-empezar-a-ser-trabajadores-como-corresponde\/","title":{"rendered":"La Cooperativa de Maleteros de la Terminal de \u00d3mnibus pide aumento: \u00abQueremos empezar a ser trabajadores como corresponde\u00bb"},"content":{"rendered":"<p>Representantes de la Cooperativa de Maleteros fueron este mi\u00e9rcoles a la comisi\u00f3n de Producci\u00f3n y Promoci\u00f3n del Empleo del Concejo y plantearon la necesidad de ampliar el porcentaje que perciben las y los trabajadores de por derechos de piso y de plataforma del 45% al 60%, aunque con la mira en el 100%. Adem\u00e1s piden una ley que los formalice<\/p>\n<p>Aumentar el porcentaje de derechos de piso y de plataforma que reciben los integrantes de la Cooperativa de Maleteros de la ciudad, y que operan en la Terminal de \u00d3mnibus \u201cMariano Moreno\u201d es el primer pedido expuesto este mi\u00e9rcoles en la comisi\u00f3n de Producci\u00f3n y Promoci\u00f3n del Empleo del Concejo Municipal. Para ello se debe modificar la ordenanza 10.269\/2021 que los regula y que se ubica hoy en el 45% de la tasa en cada caso. Si bien los maleteros plantearon la posibilidad de elevar ese porcentual al 60%, reconocen que el objetivo es cobrar el 100% de esa tasa. Sobre este punto a\u00f1adieron la necesidad de recibir por parte del municipio el total presupuestado de recursos, contrariamente a lo efectivamente recaudado por parte de las empresas. As\u00ed lo expres\u00f3 el presidente de la Cooperativa de Maleteros, Jos\u00e9 Donato quien encabeza a la organizaci\u00f3n que nuclea a 58 trabajadores.<\/p>\n<p>Al comienzo, el referente repas\u00f3 la historia y record\u00f3 la salida del primer \u00f3mnibus de la empresa Chevalier en 1950, hace m\u00e1s de 70 a\u00f1os. \u201cLuego surgieron distintos problemas. En la d\u00e9cada del 90 se privatiz\u00f3 y pagamos para trabajar, ten\u00edamos que limpiar las plataformas. En el 2000 estuvimos a la deriva. La pandemia nos sirvi\u00f3 para la uni\u00f3n, (H\u00e9ctor) Peir\u00f3 \u2013gerente general de la Terminal\u2013 nos dio una mano y surgi\u00f3 la idea de Cooperativa\u201d, describi\u00f3.<\/p>\n<p>Continuando con los pedidos, y en segundo lugar, solicitaron ante los ediles gestiones con la provincia de Santa Fe para formalizar su situaci\u00f3n con un proyecto de ley en la Legislatura.<\/p>\n<p>En tercer lugar, reclamaron por un espacio utilizable como dep\u00f3sito con la finalidad de guarda de equipajes y dotar de servicios de embalaje como ocurre en otras terminales de pasajeros.<\/p>\n<p>\u201cIncorporamos a los compa\u00f1eros de las paradas de taxis, a las mujeres maleteras. Empezamos a cambiar la imagen. Hemos sido reconocidos. A partir de hoy queremos empezar a ser trabajadores como corresponde, con su obra social, con un salario digno, como le corresponde a cualquier trabajador\u201d, plante\u00f3 el dirigente.<\/p>\n<p>Al respecto el concejal Juli\u00e1n Ferrero, de Ciudad Futura compar\u00f3 el testimonio de la Cooperativa de Maleteros con otras historias del campo de la econom\u00eda social y popular. \u201cAl principio se enfrentan a la estigmatizaci\u00f3n, al descarte, la invisibilizaci\u00f3n y en base al esfuerzo, al trabajo, a la lucha, van creciendo y se convierten en actor principal de un sector estrat\u00e9gico como la Terminal\u201d, opin\u00f3.<\/p>\n<p>\u201cSomos la primera imagen del pasajero que llega a la ciudad\u201d, a\u00f1adi\u00f3 Donato.<\/p>\n<p>Asimismo, la presidenta de la comisi\u00f3n de Producci\u00f3n y Promoci\u00f3n del Empleo, Norma L\u00f3pez, del bloque Justicia Social, reiter\u00f3 en relaci\u00f3n a los porcentajes que m\u00e1s all\u00e1 que el pedido por escrito solicita el 60%, el objetivo ser\u00eda llegar al 100%.<\/p>\n<p>\u201cEs una tasa que se define por el servicio que brindamos nosotros, los maleteros\u201d, concluy\u00f3 Donato quien marc\u00f3 a su vez la necesidad de terminar con los cobros trimestrales, y pasar a cobros mensuales.<\/p>\n<h6>Fuente: El Ciudadano<\/h6>\n","protected":false},"excerpt":{"rendered":"<p>Aumentar el porcentaje de derechos de piso y de plataforma que reciben los integrantes de la Cooperativa de Maleteros de la ciudad, y que operan en la Terminal de \u00d3mnibus \u201cMariano Moreno\u201d es el primer pedido expuesto este mi\u00e9rcoles en la comisi\u00f3n de Producci\u00f3n y Promoci\u00f3n del Empleo del Concejo Municipal.<\/p>\n","protected":false},"author":2,"featured_media":151613,"comment_status":"closed","ping_status":"closed","sticky":false,"template":"","format":"standard","meta":{"footnotes":""},"categories":[2],"tags":[10],"class_list":["post-151612","post","type-post","status-publish","format-standard","has-post-thumbnail","hentry","category-informe-municipal","tag-santa-fe"],"_links":{"self":[{"href":"http:\/\/argentinamunicipal.com.ar\/argentina\/wp-json\/wp\/v2\/posts\/151612","targetHints":{"allow":["GET"]}}],"collection":[{"href":"http:\/\/argentinamunicipal.com.ar\/argentina\/wp-json\/wp\/v2\/posts"}],"about":[{"href":"http:\/\/argentinamunicipal.com.ar\/argentina\/wp-json\/wp\/v2\/types\/post"}],"author":[{"embeddable":true,"href":"http:\/\/argentinamunicipal.com.ar\/argentina\/wp-json\/wp\/v2\/users\/2"}],"replies":[{"embeddable":true,"href":"http:\/\/argentinamunicipal.com.ar\/argentina\/wp-json\/wp\/v2\/comments?post=151612"}],"version-history":[{"count":0,"href":"http:\/\/argentinamunicipal.com.ar\/argentina\/wp-json\/wp\/v2\/posts\/151612\/revisions"}],"wp:featuredmedia":[{"embeddable":true,"href":"http:\/\/argentinamunicipal.com.ar\/argentina\/wp-json\/wp\/v2\/media\/151613"}],"wp:attachment":[{"href":"http:\/\/argentinamunicipal.com.ar\/argentina\/wp-json\/wp\/v2\/media?parent=151612"}],"wp:term":[{"taxonomy":"category","embeddable":true,"href":"http:\/\/argentinamunicipal.com.ar\/argentina\/wp-json\/wp\/v2\/categories?post=151612"},{"taxonomy":"post_tag","embeddable":true,"href":"http:\/\/argentinamunicipal.com.ar\/argentina\/wp-json\/wp\/v2\/tags?post=151612"}],"curies":[{"name":"wp","href":"https:\/\/api.w.org\/{rel}","templated":true}]}}