{"id":151668,"date":"2024-11-11T06:21:39","date_gmt":"2024-11-11T09:21:39","guid":{"rendered":"http:\/\/argentinamunicipal.com.ar\/argentina\/?p=151668"},"modified":"2024-11-11T06:21:39","modified_gmt":"2024-11-11T09:21:39","slug":"ponele-frutilla-a-todo-miles-de-santafesinos-se-acercaron-a-festejar-en-las-calles-de-coronda","status":"publish","type":"post","link":"http:\/\/argentinamunicipal.com.ar\/argentina\/ponele-frutilla-a-todo-miles-de-santafesinos-se-acercaron-a-festejar-en-las-calles-de-coronda\/","title":{"rendered":"Ponele frutilla a todo: miles de santafesinos se acercaron a festejar en las calles de Coronda"},"content":{"rendered":"<p>La Capital viaj\u00f3 a la 65\u00b0 edici\u00f3n de la Fiesta Nacional de la Frutilla para contar c\u00f3mo se vive desde adentro uno de los eventos m\u00e1s importantes de la provincia<\/p>\n<p>Este fin de semana Coronda recibe a miles de visitantes que disfrutan de la\u00a065\u00b0 edici\u00f3n de la Fiesta Nacional de la Frutilla.\u00a0El s\u00e1bado unas 20 mil personas, entre corondinos y visitantes, se acercaron a celebrar uno de los eventos m\u00e1s importantes de la provincia de Santa Fe.\u00a0La Capital visit\u00f3 esta cita obligada en el calendario, uno de las m\u00e1s convocantes, para contar desde adentro el festejo popular.<\/p>\n<p>Con la presencia de las reinas y representantes culturales de todo el pa\u00eds, la ciudad vibr\u00f3 al ritmo de la alegr\u00eda y el color y se uni\u00f3 para celebrar a eso que los identifica y los diferencia.\u00a0La fruta es insignia de la regi\u00f3n, donde se cosecha alrededor del 45% del total de la producci\u00f3n nacional.<\/p>\n<p>El evento, que empez\u00f3 el viernes y al que a\u00fan le falta la \u00faltima noche, vivi\u00f3 un s\u00e1bado a pleno. En la plaza principal de la ciudad, los visitantes pudieron presenciar y disfrutar de m\u00faltiples actividades centradas en la fruta estrella de la fiesta: concursos de cocteler\u00eda, masterclass de pasteler\u00eda, paseo de artesanos, ferias productivas de la regi\u00f3n, la elecci\u00f3n de la nueva representante y un cierre de lujo con el show en vivo de Emanero y Mario Pereyra.<\/p>\n<p>A eso se le sumaron los tradicionales puestos de frutillas reci\u00e9n cosechadas por los productores de la regi\u00f3n, que se pod\u00edan adquirir solas, con crema chantilly o con dulce de leche.\u00a0Tambi\u00e9n hubo stand de juegos y querm\u00e9s y espacios de maquillaje art\u00edstico para que disfruten los m\u00e1s chicos, mientras los grandes pod\u00edan probar, por ejemplo, una cerveza artesanal de frutilla hecha especialmente para la ocasi\u00f3n.<\/p>\n<p>La\u00a0Fiesta Nacional de la Frutilla\u00a0es un evento emblem\u00e1tico para la comunidad de\u00a0Coronda,\u00a0que tiene una producci\u00f3n anual de millones de kilos de\u00a0frutilla.\u00a0Esta fruta no solo es el s\u00edmbolo de identidad de la ciudad, sino que adem\u00e1s sustenta a la econom\u00eda local y atrae visitantes de todo el pa\u00eds. Actualmente la ciudad tiene 14 empresas que le dan un valor agregado a la frutilla en cuanto a su industrializaci\u00f3n para helados, mermeladas y tragos.<\/p>\n<p><strong>El origen de la Fiesta de la Frutilla<\/strong><br \/>\nEn 1946 la Sociedad Cooperativa de Agricultores decide crear una fiesta que corone anualmente, a trav\u00e9s de una Reina evocativa, el trabajo y los resultados de esta producci\u00f3n fuertemente arraigada en las expectativas y en el sentimiento de los lugare\u00f1os.<\/p>\n<p>Desde\u00a01958\u00a0y por Decreto Nro. 007182\/58 del Poder Ejecutivo Nacional se instituy\u00f3 la Fiesta Nacional de la Frutilla organizada por la Municipalidad y un grupo de ciudadanos que conforman una Comisi\u00f3n.<\/p>\n<p>El evento se realiza el primer fin de semana de noviembre.\u00a0Arranca el viernes y termina el domingo de acuerdo al siguiente esquema: el viernes se realiza el concurso de despalilladores y recolectores, se abre un paseo de artesanos y comienza la actuaci\u00f3n en vivo de grupos musicales locales y nacionales, el s\u00e1bado es la noche principal, en la que se realiza la elecci\u00f3n de la representante cultural y el domingo se hace su presentaci\u00f3n oficial.<\/p>\n<p>\u00daltima jornada de la Fiesta de la Frutilla<br \/>\n&#8211; 18.00 |Apertura Expo Frutilla 2024<\/p>\n<p>&#8211; 18.30 |Apertura Tercera Jornada<\/p>\n<p>&#8211; 19.00 | Venta de postres elaborados con frutillas. Organiza: Liga de Madres de Familia de Coronda. Actuaci\u00f3n Academias y Artistas Corondinos: Danzas \u00c1rabes Khuzayma, Academia de Cumbia \u201cRitmo Santafesino\u201d. Taller de Tango de Mutual Socorros Mutuos, Urban Dance, Ballet Sinestesia, A Todo Ritmo, Kick Estudio. Conducci\u00f3n: Ver\u00f3nica Correa<\/p>\n<p>&#8211; Show en vivo de Grupo La Docena y de Mar\u00eda Emilia Sottocorno. Presentaci\u00f3n a cargo de Alfredo Zeballos.<\/p>\n<h6>Fuente: La Capital<\/h6>\n","protected":false},"excerpt":{"rendered":"<p>La Capital viaj\u00f3 a la 65\u00b0 edici\u00f3n de la Fiesta Nacional de la Frutilla para contar c\u00f3mo se vive desde adentro uno de los eventos m\u00e1s importantes de la provincia<\/p>\n","protected":false},"author":2,"featured_media":151669,"comment_status":"closed","ping_status":"closed","sticky":false,"template":"","format":"standard","meta":{"footnotes":""},"categories":[2],"tags":[10],"class_list":["post-151668","post","type-post","status-publish","format-standard","has-post-thumbnail","hentry","category-informe-municipal","tag-santa-fe"],"_links":{"self":[{"href":"http:\/\/argentinamunicipal.com.ar\/argentina\/wp-json\/wp\/v2\/posts\/151668","targetHints":{"allow":["GET"]}}],"collection":[{"href":"http:\/\/argentinamunicipal.com.ar\/argentina\/wp-json\/wp\/v2\/posts"}],"about":[{"href":"http:\/\/argentinamunicipal.com.ar\/argentina\/wp-json\/wp\/v2\/types\/post"}],"author":[{"embeddable":true,"href":"http:\/\/argentinamunicipal.com.ar\/argentina\/wp-json\/wp\/v2\/users\/2"}],"replies":[{"embeddable":true,"href":"http:\/\/argentinamunicipal.com.ar\/argentina\/wp-json\/wp\/v2\/comments?post=151668"}],"version-history":[{"count":0,"href":"http:\/\/argentinamunicipal.com.ar\/argentina\/wp-json\/wp\/v2\/posts\/151668\/revisions"}],"wp:featuredmedia":[{"embeddable":true,"href":"http:\/\/argentinamunicipal.com.ar\/argentina\/wp-json\/wp\/v2\/media\/151669"}],"wp:attachment":[{"href":"http:\/\/argentinamunicipal.com.ar\/argentina\/wp-json\/wp\/v2\/media?parent=151668"}],"wp:term":[{"taxonomy":"category","embeddable":true,"href":"http:\/\/argentinamunicipal.com.ar\/argentina\/wp-json\/wp\/v2\/categories?post=151668"},{"taxonomy":"post_tag","embeddable":true,"href":"http:\/\/argentinamunicipal.com.ar\/argentina\/wp-json\/wp\/v2\/tags?post=151668"}],"curies":[{"name":"wp","href":"https:\/\/api.w.org\/{rel}","templated":true}]}}