{"id":151810,"date":"2024-11-14T05:15:25","date_gmt":"2024-11-14T08:15:25","guid":{"rendered":"http:\/\/argentinamunicipal.com.ar\/argentina\/?p=151810"},"modified":"2024-11-14T06:33:59","modified_gmt":"2024-11-14T09:33:59","slug":"santa-fe-la-carbonilla-un-barrio-popular-con-mas-de-20-familias-en-el-camino-de-un-plan-de-urbanizacion","status":"publish","type":"post","link":"http:\/\/argentinamunicipal.com.ar\/argentina\/santa-fe-la-carbonilla-un-barrio-popular-con-mas-de-20-familias-en-el-camino-de-un-plan-de-urbanizacion\/","title":{"rendered":"Santa Fe: La Carbonilla, un \u00abbarrio popular\u00bb con m\u00e1s de 20 familias, en el camino de un plan de urbanizaci\u00f3n"},"content":{"rendered":"<p>El Ejecutivo local avanza con la Agencia de Administraci\u00f3n de Bienes del Estado (AABE) por los terrenos detr\u00e1s de la Estaci\u00f3n Belgrano y la proyecci\u00f3n de un Ecoparque. Los hist\u00f3ricos vecinos de La Carbonilla, mostraron su incertidumbre y temor.<\/p>\n<p>Ubicado en el coraz\u00f3n de los terrenos vac\u00edos detr\u00e1s de la Estaci\u00f3n Belgrano, entre los barrios Candioti Norte y 7 Jefes, en un tramo que va desde calle Pedro Ferr\u00e9 hasta aproximadamente calle C\u00f3rdoba, se emplaza La Carbonilla, un asentamiento que fue creciendo de forma irregular y que tiene m\u00e1s de 30 a\u00f1os de historia.<\/p>\n<p>En 2018, seg\u00fan datos del Registro Nacional de Barrios Populares, ReNaBaP, registraba una densidad de 55 familias, con algo m\u00e1s de 300 habitantes. Hoy la estimaci\u00f3n, seg\u00fan la informaci\u00f3n brindada por fuentes del municipio local a UNO Santa Fe, la cantidad de familias oscila entre las 20 y 25.<\/p>\n<p>Desde la segunda parte del a\u00f1o, la gesti\u00f3n municipal del intendente Juan Pablo Poletti, avanza en las tratativas para firmar un convenio con Naci\u00f3n destinado a la creaci\u00f3n de un Ecoparque en los terrenos detr\u00e1s de la Estaci\u00f3n Belgrano. Dicha situaci\u00f3n, puso en el foco de discusi\u00f3n la situaci\u00f3n del hist\u00f3rico asentamiento La Carbonilla, definido por Naci\u00f3n como un barrio popular.<\/p>\n<p>Este martes, el propio intendente Juan Pablo Poletti, mantuvo un encuentro con entidades productivas santafesinas con el objetivo de pensar el usufructo de los terrenos que se extienden detr\u00e1s de la Estaci\u00f3n Belgrano. Del encuentro participaron representantes del Colegio de Martilleros, del Colegio de Agrimensores, de la Bolsa de Comercio de Santa Fe, del Colegio Profesional de Maestros Mayores de Obras y T\u00e9cnicos de la Provincia de Santa Fe &#8211; Distrito I y de la C\u00e1mara de la Construcci\u00f3n.<\/p>\n<p>Sobre el asentamiento La Carbonilla, Poletti fue contundente: \u00abTenemos el relevamiento del n\u00famero de familias, esto va a realizarse por etapas y desde la misma Agencia de Administraci\u00f3n de Bienes del Estado (AABE) nos pidieron que todo lo que son terrenos del ReNaBaP (Registro Nacional de Barrios Populares) todav\u00eda no queden abarcados en esta primera etapa. Se van a ir planificando los pasos a seguir con respecto a ese barrio\u00bb.<\/p>\n<p><strong>La incertidumbre de los vecinos de La Carbonilla<\/strong><br \/>\nEste martes, vecinos que viven en el asentamiento irregular ubicado dentro de los terrenos nacionales de la Estaci\u00f3n Belgrano, popularmente conocido como La Carbonilla, y definido por Naci\u00f3n como un barrio popular, mostraron su temor y manifestaron su incertidumbre en relaci\u00f3n al futuro de sus viviendas.<\/p>\n<p>\u00abNosotros siempre tuvimos la conciencia tranquila. Sabemos que estamos en un barrio que no es nuestro, en terrenos ajenos; pero si nos reubican en otro lugar no tendr\u00edamos problemas, ya que as\u00ed podr\u00edamos tener algo propio y digno para vivir. Nosotros sabemos que edificamos por voluntad propia exponi\u00e9ndonos a los riesgos. Hasta el a\u00f1o pasado \u00e9ramos 20 familias pero se fueron cuatro. La vida ac\u00e1 es como en todo barrio, te llevas bien con algunos vecinos y con otros no\u00bb, cont\u00f3 una de las vecinas.<\/p>\n<p>Los habitantes de La Carbonilla se ganan la vida con las changas que les ofrecen, por lo general, a los mismos vecinos de los barrios linderos, Candioti Norte y 7 Jefes. \u00abHace 18 a\u00f1os que vivo ac\u00e1 en el barrio. Estamos con mucha incertidumbre y temor con esto de la venta de terrenos, pero todav\u00eda ning\u00fan pol\u00edtico se acerc\u00f3 a decirnos nada ni a hablar con nosotros. Cuando llegue ese momento, veremos que hacemos. Ac\u00e1 la gran mayor\u00eda vive de las changas, como jardiner\u00eda o alba\u00f1iler\u00eda. Yo soy ama de casa ac\u00e1 en barrio Candioti Norte\u00bb, continu\u00f3 agregando la vecina.<\/p>\n<p>\u00abVivo hace m\u00e1s de 20 a\u00f1os. Ac\u00e1 la vida es normal, la gente va y viene a trabajar; los chicos van a la escuela. Nosotros no tenemos miedo que nos saquen de ac\u00e1 por somos ante la ley un barrio popular. El que quiera venir a sacarnos, los vamos a denunciar\u00bb, explic\u00f3 otro vecino. \u00abYa hace algunos a\u00f1os, en varias oportunidades, vino gente a prometernos casas o trabajos si nos \u00edbamos de ac\u00e1. Incluso se fueron vecinos atr\u00e1s de dichas promesas de reubicaci\u00f3n, pero tuvieron que volver sin nada\u00bb, indic\u00f3.<\/p>\n<p><strong>Toda una vida en los terrenos de la Estaci\u00f3n Belgrano<\/strong><br \/>\nEmanuel cont\u00f3 que fue uno de los primeros en llegar a La Carbonilla, cuando todav\u00eda no se la conoc\u00eda por su nombre, junto con toda su familia: \u00abNosotros fuimos los primeros que llegamos ac\u00e1 cuando no exist\u00eda el barrio. Viv\u00edamos atr\u00e1s de un galp\u00f3n de trenes. Ac\u00e1 no hab\u00eda nada, ni construcciones ni casas. Hab\u00eda un galp\u00f3n donde funcionaba un comedor de Caritas\u00bb.<\/p>\n<p>\u00abTengo 35 a\u00f1os en el barrio, toda una vida. Tengo hijos y cada uno tiene lo suyo ac\u00e1 en La Carbonilla. Ya intentaron sacarnos, a cambio de plata. Pero no pudieron porque nos sentimos en nuestro propio hogar. Nos quisieron llevar a Coronda y al norte de la ciudad, pero nunca nos ofrecieron algo real\u00bb, cont\u00f3<\/p>\n<p>\u00abAc\u00e1 se dicen muchas cosas de nosotros, pero vivimos tranquilos, cerca de las escuelas y cerca de toda la ciudad\u00bb, finaliz\u00f3 Emanuel.<\/p>\n<h6>Fuente: Uno<\/h6>\n","protected":false},"excerpt":{"rendered":"<p>El Ejecutivo local avanza con la Agencia de Administraci\u00f3n de Bienes del Estado (AABE) por los terrenos detr\u00e1s de la Estaci\u00f3n Belgrano y la proyecci\u00f3n de un Ecoparque. Los hist\u00f3ricos vecinos de La Carbonilla, mostraron su incertidumbre y temor.<\/p>\n","protected":false},"author":2,"featured_media":151811,"comment_status":"closed","ping_status":"closed","sticky":false,"template":"","format":"standard","meta":{"footnotes":""},"categories":[2],"tags":[10],"class_list":["post-151810","post","type-post","status-publish","format-standard","has-post-thumbnail","hentry","category-informe-municipal","tag-santa-fe"],"_links":{"self":[{"href":"http:\/\/argentinamunicipal.com.ar\/argentina\/wp-json\/wp\/v2\/posts\/151810","targetHints":{"allow":["GET"]}}],"collection":[{"href":"http:\/\/argentinamunicipal.com.ar\/argentina\/wp-json\/wp\/v2\/posts"}],"about":[{"href":"http:\/\/argentinamunicipal.com.ar\/argentina\/wp-json\/wp\/v2\/types\/post"}],"author":[{"embeddable":true,"href":"http:\/\/argentinamunicipal.com.ar\/argentina\/wp-json\/wp\/v2\/users\/2"}],"replies":[{"embeddable":true,"href":"http:\/\/argentinamunicipal.com.ar\/argentina\/wp-json\/wp\/v2\/comments?post=151810"}],"version-history":[{"count":0,"href":"http:\/\/argentinamunicipal.com.ar\/argentina\/wp-json\/wp\/v2\/posts\/151810\/revisions"}],"wp:featuredmedia":[{"embeddable":true,"href":"http:\/\/argentinamunicipal.com.ar\/argentina\/wp-json\/wp\/v2\/media\/151811"}],"wp:attachment":[{"href":"http:\/\/argentinamunicipal.com.ar\/argentina\/wp-json\/wp\/v2\/media?parent=151810"}],"wp:term":[{"taxonomy":"category","embeddable":true,"href":"http:\/\/argentinamunicipal.com.ar\/argentina\/wp-json\/wp\/v2\/categories?post=151810"},{"taxonomy":"post_tag","embeddable":true,"href":"http:\/\/argentinamunicipal.com.ar\/argentina\/wp-json\/wp\/v2\/tags?post=151810"}],"curies":[{"name":"wp","href":"https:\/\/api.w.org\/{rel}","templated":true}]}}