{"id":151813,"date":"2024-11-15T05:50:22","date_gmt":"2024-11-15T08:50:22","guid":{"rendered":"http:\/\/argentinamunicipal.com.ar\/argentina\/?p=151813"},"modified":"2024-11-14T20:10:43","modified_gmt":"2024-11-14T23:10:43","slug":"ambientalistas-critican-el-pedido-de-la-sociedad-rural-de-rosario-para-aumentar-la-produccion-ganadera-en-las-islas","status":"publish","type":"post","link":"http:\/\/argentinamunicipal.com.ar\/argentina\/ambientalistas-critican-el-pedido-de-la-sociedad-rural-de-rosario-para-aumentar-la-produccion-ganadera-en-las-islas\/","title":{"rendered":"Ambientalistas critican el pedido de la Sociedad Rural de Rosario para aumentar la producci\u00f3n ganadera en las islas"},"content":{"rendered":"<p>Las organizaciones ecologistas expresaron que la \u00fanica herramienta que contribuye a preservar estos ecosistemas es una medida cautelar que los productores pretenden que se levante<\/p>\n<p>Organizaciones\u00a0ambientalistas\u00a0emitieron un comunicado para manifestarse en contra del pedido de la Sociedad Rural de Rosario\u00a0para que la Justicia Federal levante una medida cautelar que impide el ingreso de maquinaria pesada a las islas enterrianas.\u00a0\u00abLa cautelar es un l\u00edmite para un sector que nunca entendi\u00f3 de l\u00edmites\u00bb, aseveraron.<\/p>\n<p>A trav\u00e9s de un comunicado emitido por el colectivo Organizaciones Guardianas del Humedal, referentes de ese sector respondieron p\u00fablicamente al pedido de la\u00a0Sociedad Rural de Rosario para que se levante la medida cautelar dictada en julio del 2020, en el marco de los incendios que arrasaron con cientos de miles de hect\u00e1reas de humedales en las islas entrerrianas, que impide el ingreso de maquinaria pesada a esa zona.<\/p>\n<p>\u00abExpresamos nuestra preocupaci\u00f3n por una campa\u00f1a orquestada a los fines de reclamar el levantamiento de la medida cautelar de la Justicia Federal, sancionada oportunamente a los fines de proteger los ecosistemas asociados al R\u00edo Paran\u00e1 y sus humedales, bajo el argumento de ser en teor\u00eda una medida injustificada y que a la vez impide el normal desarrollo de las actividades productivas en estos territorios\u00bb, manifestaron en el comunicado.<\/p>\n<p>El colectivo record\u00f3 que la situaci\u00f3n en el r\u00edo, con una nueva bajante que se viene prolongando desde mitad de a\u00f1o (este mi\u00e9rcoles, el Paran\u00e1 apenas midi\u00f3 50 cent\u00edmetros en Rosario, seg\u00fan la medici\u00f3n diaria que realiza Prefectura) \u00abpone nuevamente a la luz problemas tales como una amenaza permanente de surgimiento de incendios sin los cortafuegos naturales, que son los ba\u00f1ados, riachos y lagunas del delta\u00bb.<\/p>\n<p>No s\u00f3lo enunciaron esta posibilidad, sino que tambi\u00e9n indicaron que el contexto es \u00abpropicio para los movimientos de suelo (entre ellos, los nefastos terraplenes), la permanente presencia en territorio de cazadores que han diezmado la fauna nativa, la descarga de material del dragado de la mal llamada hidrov\u00eda (que obturan los ingresos de agua al humedal), el avance incesante de ocupaciones inmobiliarias ilegales y hasta la ins\u00f3lita realizaci\u00f3n de fiestas electr\u00f3nicas en estos territorios\u00bb.<\/p>\n<p><strong>Preservaci\u00f3n<\/strong><br \/>\nA ra\u00edz de todos estas problem\u00e1ticas, desde Organizaciones Guardianas del Humedal aseguraron: \u00abEl contexto actual justifica la vigencia de una medida cautelar cuyos efectos disuasorios son imprescindibles en esta crisis h\u00eddricas, la cual no deja de extenderse en el tiempo\u00bb.<\/p>\n<p>Por su parte, resaltaron que\u00a0tanto las normas provinciales como municipales que promueven la preservaci\u00f3n de estos territorios, as\u00ed como los recursos asignados y las decisiones pol\u00edticas que se tomaron hasta el momento \u00abson claramente insuficientes\u00bb.<\/p>\n<p>Es por esto que\u00a0piden que la medida cautelar contin\u00fae vigente: \u00abSe constituye en un\u00a0elemento imprescindible para proteger estos fr\u00e1giles ecosistemas. La producci\u00f3n que se realicen en estos territorios debe adaptarse al ambiente y geograf\u00eda. En caso contrario, no es sostenible ni sustentable\u00bb.<\/p>\n<p>\u00abReiteramos la extrema necesidad de mantener la vigencia de una cautelar por continuar vigentes los presupuestos f\u00e1cticos que dieron lugar a su dictado. Molesta, s\u00ed, porque el incumplimiento de la misma implica responsabilidad penal y no administrativa. A trav\u00e9s de los a\u00f1os se comprob\u00f3 que las sanciones administrativas no son disuasivas para respetar el plexo normativo destinado a la protecci\u00f3n ambiental. Entonces,\u00a0la cautelar constituye un l\u00edmite para un sector que nunca entendi\u00f3 de l\u00edmites\u00bb, concluyeron.<\/p>\n<p>El colectivo Organizaciones Guardianas del Humedal est\u00e1 compuesto por El Paran\u00e1 no se Toca, Multisectorial Humedales Paran\u00e1, Multisectorial Humedales Rosario, Salvemos los Humedales Villa Constituci\u00f3n, Somos Humedal Victoria, Taller Ecologista, Asociaci\u00f3n Argentina de Abogados\/as Ambientalistas, Colectivo de Acci\u00f3n por la Justicia EcoSocial y Unidad de Vinculaci\u00f3n Ecologista.<\/p>\n<h6>Fuente: La Capital<\/h6>\n","protected":false},"excerpt":{"rendered":"<p>Las organizaciones ecologistas expresaron que la \u00fanica herramienta que contribuye a preservar estos ecosistemas es una medida cautelar que los productores pretenden que se levante<\/p>\n","protected":false},"author":2,"featured_media":151814,"comment_status":"closed","ping_status":"closed","sticky":false,"template":"","format":"standard","meta":{"footnotes":""},"categories":[2],"tags":[10],"class_list":["post-151813","post","type-post","status-publish","format-standard","has-post-thumbnail","hentry","category-informe-municipal","tag-santa-fe"],"_links":{"self":[{"href":"http:\/\/argentinamunicipal.com.ar\/argentina\/wp-json\/wp\/v2\/posts\/151813","targetHints":{"allow":["GET"]}}],"collection":[{"href":"http:\/\/argentinamunicipal.com.ar\/argentina\/wp-json\/wp\/v2\/posts"}],"about":[{"href":"http:\/\/argentinamunicipal.com.ar\/argentina\/wp-json\/wp\/v2\/types\/post"}],"author":[{"embeddable":true,"href":"http:\/\/argentinamunicipal.com.ar\/argentina\/wp-json\/wp\/v2\/users\/2"}],"replies":[{"embeddable":true,"href":"http:\/\/argentinamunicipal.com.ar\/argentina\/wp-json\/wp\/v2\/comments?post=151813"}],"version-history":[{"count":0,"href":"http:\/\/argentinamunicipal.com.ar\/argentina\/wp-json\/wp\/v2\/posts\/151813\/revisions"}],"wp:featuredmedia":[{"embeddable":true,"href":"http:\/\/argentinamunicipal.com.ar\/argentina\/wp-json\/wp\/v2\/media\/151814"}],"wp:attachment":[{"href":"http:\/\/argentinamunicipal.com.ar\/argentina\/wp-json\/wp\/v2\/media?parent=151813"}],"wp:term":[{"taxonomy":"category","embeddable":true,"href":"http:\/\/argentinamunicipal.com.ar\/argentina\/wp-json\/wp\/v2\/categories?post=151813"},{"taxonomy":"post_tag","embeddable":true,"href":"http:\/\/argentinamunicipal.com.ar\/argentina\/wp-json\/wp\/v2\/tags?post=151813"}],"curies":[{"name":"wp","href":"https:\/\/api.w.org\/{rel}","templated":true}]}}