{"id":151861,"date":"2024-11-15T06:00:24","date_gmt":"2024-11-15T09:00:24","guid":{"rendered":"http:\/\/argentinamunicipal.com.ar\/argentina\/?p=151861"},"modified":"2024-11-15T06:00:24","modified_gmt":"2024-11-15T09:00:24","slug":"a-la-espera-de-una-posible-conciliacion-soyem-bariloche-advierte-que-si-no-hay-respuesta-iran-por-medidas-mas-duras","status":"publish","type":"post","link":"http:\/\/argentinamunicipal.com.ar\/argentina\/a-la-espera-de-una-posible-conciliacion-soyem-bariloche-advierte-que-si-no-hay-respuesta-iran-por-medidas-mas-duras\/","title":{"rendered":"A la espera de una posible conciliaci\u00f3n, SOYEM Bariloche advierte que si no hay respuesta, ir\u00e1n por medidas m\u00e1s duras"},"content":{"rendered":"<p>SOYEM se volvi\u00f3 a reunir en asamblea de car\u00e1cter informativo y ratific\u00f3 el pedido de un aumento del orden de 15% para el pr\u00f3ximo trimestre. Mientras que el Ejecutivo se mantiene a la espera de que desde Viedma dicten una conciliaci\u00f3n obligatoria.<\/p>\n<p>Este jueves el SOYEM llev\u00f3 a cabo una nueva asamblea de trabajadores en el corral\u00f3n de Gallardo y Rivadavia. Luego del rechazo a la propuesta salarial y la marcha de este mi\u00e9rcoles, el Ejecutivo solicit\u00f3 en Delegaci\u00f3n de Trabajo la conciliaci\u00f3n obligatoria, que a\u00fan no fue dictada. \u201cEn caso de no tener respuesta, iremos por medidas m\u00e1s fuertes\u201d precisaron desde el SOYEM.<\/p>\n<p>En di\u00e1logo con El Cordillerano, Brenda Morales, secretaria de SOYEM, expres\u00f3 que ma\u00f1ana comenzar\u00e1n con la asamblea informativa \u201cesperando que el Ejecutivo retome la razonabilidad y contin\u00fae con la mesa de di\u00e1logo para cerrar esta \u00faltima recomposici\u00f3n salarial. Si vemos que est\u00e1 en peligro la recomposici\u00f3n y no hay respuesta, para la semana que viene se van a definir otras medidas m\u00e1s fuertes\u201d, expres\u00f3.<\/p>\n<p>El sindicato ratific\u00f3 el pedido de un aumento del 15% (5% para noviembre, 5% para diciembre y 5% para enero) y un bono adicional de $150,000 pesos para fin de a\u00f1o.<\/p>\n<p>Sin embargo, desde el Ejecutivo se mantiene firme en el ofrecimiento, remarcando que la propuesta se desprende del \u00cdndice de Precios al Consumidor (IPC), que da justamente el 3,3%. El Ejecutivo ofreci\u00f3 3,3% en los sueldos de noviembre, 3,6% en diciembre y otro 3,4% en enero.<\/p>\n<p>En cuanto al pedido de conciliaci\u00f3n, Yanina S\u00e1nchez, la asesora letrada del municipio, explic\u00f3 a El Cordillerano que \u201cno las definen delegaci\u00f3n local sino las decreto Viedma; Tenemos que esperar lo que resuelve. Si se decreta la conciliaci\u00f3n, entra en causa por 15 d\u00edas m\u00e1s, 10 prorrogables y cualquier medida de fuerza queda nula\u00bb.<\/p>\n<p>\u201cSi SOYEM no sigue la conciliaci\u00f3n son pasibles de multas, es incumplimiento. Si dictan la conciliaci\u00f3n a la tarde luego de la asamblea del SOYEM, el gremio no podr\u00eda hacer ninguna medida de fuerza ni nosotros los descuentos\u201d, agreg\u00f3 S\u00e1nchez.<\/p>\n<p>Por \u00faltimo, Brenda Morales llam\u00f3 al Ejecutivo a que retome el di\u00e1logo, \u201cque se vuelva a sentar en la mesa, no buscamos el conflicto, mantenemos las v\u00edas telef\u00f3nicas abiertas y que puedan llegar a mandar una propuesta\u201d, concluy\u00f3.<\/p>\n<h6>Fuente: El Cordillerano<\/h6>\n","protected":false},"excerpt":{"rendered":"<p>SOYEM se volvi\u00f3 a reunir en asamblea de car\u00e1cter informativo y ratific\u00f3 el pedido de un aumento del orden de 15% para el pr\u00f3ximo trimestre.<\/p>\n","protected":false},"author":2,"featured_media":151862,"comment_status":"closed","ping_status":"closed","sticky":false,"template":"","format":"standard","meta":{"footnotes":""},"categories":[7],"tags":[11],"class_list":["post-151861","post","type-post","status-publish","format-standard","has-post-thumbnail","hentry","category-informe-sindical","tag-rio-negro"],"_links":{"self":[{"href":"http:\/\/argentinamunicipal.com.ar\/argentina\/wp-json\/wp\/v2\/posts\/151861","targetHints":{"allow":["GET"]}}],"collection":[{"href":"http:\/\/argentinamunicipal.com.ar\/argentina\/wp-json\/wp\/v2\/posts"}],"about":[{"href":"http:\/\/argentinamunicipal.com.ar\/argentina\/wp-json\/wp\/v2\/types\/post"}],"author":[{"embeddable":true,"href":"http:\/\/argentinamunicipal.com.ar\/argentina\/wp-json\/wp\/v2\/users\/2"}],"replies":[{"embeddable":true,"href":"http:\/\/argentinamunicipal.com.ar\/argentina\/wp-json\/wp\/v2\/comments?post=151861"}],"version-history":[{"count":0,"href":"http:\/\/argentinamunicipal.com.ar\/argentina\/wp-json\/wp\/v2\/posts\/151861\/revisions"}],"wp:featuredmedia":[{"embeddable":true,"href":"http:\/\/argentinamunicipal.com.ar\/argentina\/wp-json\/wp\/v2\/media\/151862"}],"wp:attachment":[{"href":"http:\/\/argentinamunicipal.com.ar\/argentina\/wp-json\/wp\/v2\/media?parent=151861"}],"wp:term":[{"taxonomy":"category","embeddable":true,"href":"http:\/\/argentinamunicipal.com.ar\/argentina\/wp-json\/wp\/v2\/categories?post=151861"},{"taxonomy":"post_tag","embeddable":true,"href":"http:\/\/argentinamunicipal.com.ar\/argentina\/wp-json\/wp\/v2\/tags?post=151861"}],"curies":[{"name":"wp","href":"https:\/\/api.w.org\/{rel}","templated":true}]}}