{"id":151886,"date":"2024-11-26T18:33:28","date_gmt":"2024-11-26T21:33:28","guid":{"rendered":"http:\/\/argentinamunicipal.com.ar\/argentina\/?p=151886"},"modified":"2024-11-26T18:33:28","modified_gmt":"2024-11-26T21:33:28","slug":"la-constitucion-de-santa-fe-se-expone-a-los-ingenieros-del-caos","status":"publish","type":"post","link":"http:\/\/argentinamunicipal.com.ar\/argentina\/la-constitucion-de-santa-fe-se-expone-a-los-ingenieros-del-caos\/","title":{"rendered":"La Constituci\u00f3n de Santa Fe se expone a los ingenieros del caos"},"content":{"rendered":"<p>Hay 1,8 mill\u00f3n de electores santafesinos que ten\u00edan entre 0 y 7 a\u00f1os cuando volvi\u00f3 la democracia. El sistema hoy est\u00e1 acechado por algoritmos comerciales.<\/p>\n<p>Hay pochoclo rancio en muchas alacenas de la pol\u00edtica tradicional argentina, que apost\u00f3 -en macabra especulaci\u00f3n- a que una hiperinflaci\u00f3n de intensa crueldad social, fulmine al presidente libertario luego de purgar -devaluaci\u00f3n mediante- la corrompida escena pol\u00edtica y monetaria de quienes dise\u00f1aron y administraron la Argentina pos 2001.<br \/>\nEn Santa Fe hay (redondeando en base a los \u00faltimos comicios y al \u00faltimo censo), 2,8 millones de electores y 1,8 mill\u00f3n de habitantes entre 15 y 49 a\u00f1os. Foto: El Litoral<\/p>\n<p>Javier Milei\u00a0es eficaz en la macroeconom\u00eda; est\u00e1 por verse si logra ser eficiente (sustentable en el tiempo) en materia social. Su abordaje, en lo inmediato, exhibe habilidad financiera y se apoya en el fracaso de quienes, desde el poder que lo precedi\u00f3, malversaron -por malicia penalmente responsable, o por codiciosa incapacidad- la justicia social o la democracia como dispositivo de salud, alimento y educaci\u00f3n.<\/p>\n<p>\u00bfEs Milei el emergente de un nuevo genius saeculi?\u00a0El esp\u00edritu del tiempo -zeitgeist seg\u00fan Friedrich Hegel- requiere horizontes m\u00e1s extensos; por ahora se apoya en el enojo y la frustraci\u00f3n de muchos ciudadanos que, aunque no ignoren el imprescindible mundo de los valores, necesitan resultados de la justicia restaurativa (jur\u00eddica, econ\u00f3mica y social) que los administradores de la Rep\u00fablica han defraudado.<\/p>\n<p>El soci\u00f3logo y ensayista Giuliano Da Empoli, propone en su libro \u00abLos ingenieros del caos\u00bb, que hay eficaces estrategas detr\u00e1s de las redes sociales, que utilizan herramientas tecnol\u00f3gicas y t\u00e9cnicas sicol\u00f3gicas para manipular el malestar social. Un malestar -se puede a\u00f1adir- cocido en el caldo de aqu\u00e9l fraude.<\/p>\n<p>No est\u00e1 definido que se haya configurado un \u00abinfierno de la sociolog\u00eda\u00bb -el concepto propuesto por Edgardo Morin- seg\u00fan el cual los individuos se ven atrapados en una red de determinismos pol\u00edticos.<\/p>\n<p>Pero es veros\u00edmil la hip\u00f3tesis que sugiere una gran capacidad de tales ingenieros para secuestrar am\u00edgdalas, para apropiarse de las emociones. Una que no puede ser neutralizada por cl\u00e1sicos pol\u00edticos (ingenuos) sonriendo en tik-tok o reeles de instagram, como si fueran beb\u00e9s o gatitos capaces de entretener audiencias.<\/p>\n<p>La diferencia es que los disruptivos se apoyan en el enojo y trazan una estrategia usando equipos complejos, en un escenario tecnol\u00f3gico que gestionan desde una ingenier\u00eda elaborada. Y otros se pretenden seductores de sonrisas impostadas, captadas por administradores de redes que saben de dispositivos y modas, pero no logran abordar el esp\u00edritu del momento. Estar en redes no es lo mismo que captar am\u00edgdalas.<\/p>\n<p><strong>Golpe de tim\u00f3n<\/strong><br \/>\nEl 10 de septiembre de 2023, la sociedad santafesina eligi\u00f3 a un gobernador radical -en el marco de un complejo frente de partidos- que sum\u00f3 55,7% de los votos.\u00a0Apenas 42 d\u00edas despu\u00e9s, ese mismo electorado santafesino no eligi\u00f3 a ning\u00fan diputado nacional radical por la provincia; fue un comicio que consagr\u00f3 a 3 libertarios, 3 representantes del PRO, 3 peronistas y un socialista.<\/p>\n<p>Fue un duro golpe de tim\u00f3n del electorado, de la audiencia cuando deja la pasividad del consumo y se expresa en un comicio. Uno que nadie vio (vimos) venir. Hay, en la UCR santafesina, atormentados dirigentes que entienden que existe la posibilidad de que el partido va a la peor representaci\u00f3n parlamentaria de su historia, en las elecciones de medio t\u00e9rmino de 2025. Ser\u00e1 en el mismo a\u00f1o en que el gobernador, sus aliados socialistas y de otros partidos, analizan reformar la Constituci\u00f3n de la provincia.<\/p>\n<p>\u00abSanta Fe tiene -hay que subrayarlo- una calidad pol\u00edtica e institucional que supera a los promedios argentinos. Las elecciones de 2025 en la provincia tendr\u00e1n un cap\u00edtulo de diputados nacionales (se renuevan 10 bancas), otro de intendentes (algunos), concejales y miembros comunales, cada uno con sus respectivas Paso si no hay cambios que se analizan en el Congreso. El complejo aparato de poder define en las pr\u00f3ximas horas si adem\u00e1s convoca a elecci\u00f3n de convencionales constituyentes.<\/p>\n<p>Las ofertas se repartir\u00e1n; de un lado estar\u00e1n, en la trama de partidos del gobierno provincial -juntos o segmentados- m\u00e1s el PJ por su andarivel, todos con mayor o menor presencia territorial y tradici\u00f3n pol\u00edtica; los podemos sintetizar como defensores de la versi\u00f3n criolla del Estado de bienestar. Y del otro lado se alinear\u00e1n \u00ablas fuerzas del cielo\u00bb, sin territorio y con escasos representantes, que quieren el menor Estado posible y cuentan con un esp\u00edritu de \u00e9poca que los impulsa, que incluye -por ejemplo- el hartazgo a la cantidad de comicios y el repudio a sus costos.<\/p>\n<p><strong>Demanda ciudadana<\/strong><br \/>\nPero.., \u00bfqu\u00e9 pasa del lado de la demanda ciudadana? En Santa Fe hay (redondeando en base a los \u00faltimos comicios y al \u00faltimo censo), 2,8 millones de electores y 1,8 mill\u00f3n de habitantes entre 15 y 49 a\u00f1os. Es decir que los mayores de ellos apenas ten\u00edan 7 a\u00f1os cuando Alfons\u00edn marc\u00f3 el regreso de la democracia tras la dictadura genocida. De eso saben apenas por una reverberaci\u00f3n no muy bien gestionada; los derechos humanos eran un bien universal y fueron reducidos a bandera de facci\u00f3n partidaria, que tal vez ya genera m\u00e1s reacci\u00f3n que adhesi\u00f3n. Otro ejemplo a la hora de apelar a los valores para captar electores.<\/p>\n<p>El 92,1% de los mayores de 4 a\u00f1os del Gran Rosario y el 86% de los del Gran Santa Fe tienen tel\u00e9fono celular seg\u00fan mediciones del Indec al cuarto trimestre de 2022.\u00a0Antonio Sola, el experto espa\u00f1ol en comunicaci\u00f3n pol\u00edtica -con m\u00e1s de 500 campa\u00f1as sobre sus espaldas- afirma que el mundo va a hacia \u00abuna democracia digital directa que intenta ser participativa\u00bb; es un optimista sobre \u00abnuevos modelos de gobiernos cooperativos y colaborativos que van a romper la manera en que hasta ahora hemos sido gobernados\u00bb.<\/p>\n<p>Pero no desconoce que por ahora se impone en las redes el algoritmo comercial de grandes plataformas, que \u00abno es un algoritmo democr\u00e1tico\u00bb. Sola -preside la fundaci\u00f3n Liderar Sentido Com\u00fan- dice que \u00abtenemos l\u00edderes de transici\u00f3n\u00bb que \u00abirrumpen desde el estr\u00e9s del electorado\u00bb, lo que a su vez lleva a \u00abprocastrinar el voto hasta \u00faltimo momento\u00bb.<\/p>\n<p>Elaborada en \u00edntima y aislada relaci\u00f3n entre am\u00edgdala y algoritmo disfuncional, se funda parte de la determinaci\u00f3n electoral. \u00abLa decisi\u00f3n es emocional e instant\u00e1nea\u00bb, dijo el analista ib\u00e9rico, para quien \u00ablas nuevas generaciones, m\u00e1s que pensar, sienten de maneras distintas\u00bb.<\/p>\n<p>Cit\u00f3 en esa l\u00ednea al pensador mexicano Ranulfo Romo Trujillo para se\u00f1alar la \u00abnueva capacidad cerebral\u00bb de los j\u00f3venes con \u00abuna gran capacidad de sinapsis neuronal, que los convierte en seres m\u00e1s hol\u00edsticos\u00bb. \u00abSe trata -dijo- de generaciones que integran la tecnolog\u00eda al 100% en sus vidas\u00bb a las que \u00abno les gusta esta clase de pol\u00edtica que interpretan de maneras distintas\u00bb. Y de all\u00ed la \u00abdesconexi\u00f3n de gobernantes y gobernados\u00bb.<\/p>\n<p><strong>Un acontecimiento emocional<\/strong><br \/>\nLuis Ignacio Brusco, autor de \u00abCerebro pol\u00edtico\u00bb y decano de la Facultad de Medicina de la UBA, m\u00e9dico neur\u00f3logo y psiquiatra, ha advertido que la decisi\u00f3n electoral es un acontecimiento emocional que luego la raz\u00f3n termina de moldear. Juegan all\u00ed los sistemas de creencias, a los que no se les exige rigor cr\u00edtico ni observaci\u00f3n reflexiva.\u00a0Seg\u00fan especula -en medio de los fracasos de las encuestas predictivas- hasta un 40% de los argentinos terminan de definir su voto camino a las urnas.<\/p>\n<p>En \u00abNexus\u00bb, su \u00faltimo libro, Yuval Noah Harari postula que la humanidad viaja organizada sobre redes de informaci\u00f3n, y que la democracia (como los totalitarismos) no puede ser concebida sin medios masivos. Advierte la indispensable conversaci\u00f3n democr\u00e1tica que sobre esas redes transita, est\u00e1 amenazada por algoritmos y nuevas tecnolog\u00edas, en acelerada evoluci\u00f3n de la IA.<\/p>\n<p>\u00bfEs la reelecci\u00f3n del gobernador, raz\u00f3n suficiente para abrir la convocatoria a constituyentes en un tiempo pol\u00edtico en el que acecha la deriva autocr\u00e1tica?\u00a0\u00abLas prioridades -dice Harari- determinan c\u00f3mo votan los ciudadanos, qu\u00e9 es lo que preocupa a los empresarios y c\u00f3mo intentan hacerse un nombre los pol\u00edticos\u00bb.<\/p>\n<h6>Fuente: El Litoral<\/h6>\n","protected":false},"excerpt":{"rendered":"<p>Hay 1,8 mill\u00f3n de electores santafesinos que ten\u00edan entre 0 y 7 a\u00f1os cuando volvi\u00f3 la democracia. El sistema hoy est\u00e1 acechado por algoritmos comerciales.<\/p>\n","protected":false},"author":2,"featured_media":151933,"comment_status":"closed","ping_status":"closed","sticky":false,"template":"","format":"standard","meta":{"footnotes":""},"categories":[4],"tags":[10],"class_list":["post-151886","post","type-post","status-publish","format-standard","has-post-thumbnail","hentry","category-informe-politico","tag-santa-fe"],"_links":{"self":[{"href":"http:\/\/argentinamunicipal.com.ar\/argentina\/wp-json\/wp\/v2\/posts\/151886","targetHints":{"allow":["GET"]}}],"collection":[{"href":"http:\/\/argentinamunicipal.com.ar\/argentina\/wp-json\/wp\/v2\/posts"}],"about":[{"href":"http:\/\/argentinamunicipal.com.ar\/argentina\/wp-json\/wp\/v2\/types\/post"}],"author":[{"embeddable":true,"href":"http:\/\/argentinamunicipal.com.ar\/argentina\/wp-json\/wp\/v2\/users\/2"}],"replies":[{"embeddable":true,"href":"http:\/\/argentinamunicipal.com.ar\/argentina\/wp-json\/wp\/v2\/comments?post=151886"}],"version-history":[{"count":0,"href":"http:\/\/argentinamunicipal.com.ar\/argentina\/wp-json\/wp\/v2\/posts\/151886\/revisions"}],"wp:featuredmedia":[{"embeddable":true,"href":"http:\/\/argentinamunicipal.com.ar\/argentina\/wp-json\/wp\/v2\/media\/151933"}],"wp:attachment":[{"href":"http:\/\/argentinamunicipal.com.ar\/argentina\/wp-json\/wp\/v2\/media?parent=151886"}],"wp:term":[{"taxonomy":"category","embeddable":true,"href":"http:\/\/argentinamunicipal.com.ar\/argentina\/wp-json\/wp\/v2\/categories?post=151886"},{"taxonomy":"post_tag","embeddable":true,"href":"http:\/\/argentinamunicipal.com.ar\/argentina\/wp-json\/wp\/v2\/tags?post=151886"}],"curies":[{"name":"wp","href":"https:\/\/api.w.org\/{rel}","templated":true}]}}