{"id":151902,"date":"2024-11-26T18:34:06","date_gmt":"2024-11-26T21:34:06","guid":{"rendered":"http:\/\/argentinamunicipal.com.ar\/argentina\/?p=151902"},"modified":"2024-11-26T18:34:06","modified_gmt":"2024-11-26T21:34:06","slug":"reforma-constitucional-el-pj-dice-que-pullaro-solo-busca-su-reeleccion-y-pide-abrir-el-debate","status":"publish","type":"post","link":"http:\/\/argentinamunicipal.com.ar\/argentina\/reforma-constitucional-el-pj-dice-que-pullaro-solo-busca-su-reeleccion-y-pide-abrir-el-debate\/","title":{"rendered":"Reforma constitucional: el PJ dice que Pullaro \u00absolo busca su reelecci\u00f3n\u00bb y pide abrir el debate"},"content":{"rendered":"<p>La cumbre del peronismo santafesino, con las ausencias de Perotti y Lewandowski, critic\u00f3 fuerte al oficialismo: \u201cEstamos frente a una avanzada autoritaria y de perpetuaci\u00f3n en el poder\u00bb<\/p>\n<p>El\u00a0Partido Justicialista (PJ)\u00a0lanz\u00f3 un duro comunicado\u00a0tras la reuni\u00f3n entre dirigentes y legisladores a trav\u00e9s del cual critic\u00f3 al oficialismo por intentar avanzar de manera \u201capresurada e inoportuna\u201d con la\u00a0reforma constitucional\u00a0y al gobernador\u00a0Maximiliano Pullaro\u00a0por\u00a0\u201csolo buscar la autoreelecci\u00f3n\u201d. Reclama que se ampl\u00ede el di\u00e1logo para encontrar consenso en el texto.<\/p>\n<p>La reuni\u00f3n fue llevada a cabo este lunes al mediod\u00eda por la conducci\u00f3n del Partido Justicialista y todos los partidos que integran el frente, m\u00e1s legisladores provinciales y nacionales, a excepci\u00f3n de\u00a0Marcelo Lewandowski\u00a0y\u00a0Omar Perotti, aunque s\u00ed los diputados provinciales del bloque del exgobernador.<\/p>\n<p>\u201cEn el marco del debate que pretende imponer el oficialismo sobre una posible Reforma de la Constituci\u00f3n,\u00a0se reafirm\u00f3 la larga tradici\u00f3n pol\u00edtica del peronismo por el respeto irrestricto a la institucionalidad, que entendemos ha sido vulnerada en este tiempo por mayor\u00edas circunstanciales para considerar un tema de tal trascendencia\u201d, comienza el comunicado.<\/p>\n<p><strong>Reforma constitucional y el PJ<\/strong><br \/>\n\u201cHoy estamos frente a una avanzada autoritaria y de perpetuaci\u00f3n en el poder que solo busca la autoreelecci\u00f3n del actual gobernador\u201d, dispara. Por \u00faltimo\u00a0abre una ventana al di\u00e1logo\u00a0al sostener que los procesos de reforma constitucional \u201cexigen un di\u00e1logo democr\u00e1tico, con los partidos pol\u00edticos, abierto y de cara a la sociedad\u201d. Unidos esperaba esta definici\u00f3n para saber el PJ acompa\u00f1aba y en qu\u00e9 t\u00e9rminos.<\/p>\n<p>Vale recordar que el per\u00edodo de sesiones ordinarias termina esta semana, el 30 de noviembre, por lo que el oficialismo -no sin diferencias internas-\u00a0busca imprimirle celeridad al tratamiento de la ley de necesidad de reforma constitucional\u00a0que es la piedra basal del proceso que se completar\u00e1 el a\u00f1o que viene.<\/p>\n<p>El PJ cuestiona las formas, no se opone al proceso. Interpreta que el gobierno est\u00e1 cerrando con cada tribu por su cuenta para que le den los votos y nada m\u00e1s, sin debatir el contenido. \u201cVamos a hacer una reforma por 50 a\u00f1os, hagamos una reforma con consenso real, no la reforma que quiere el gobernador, hablada con los que les da el voto y nada m\u00e1s\u201d, agregaron off the record desde el peronismo.<\/p>\n<p>Firmaron el comunicado el presidente del PJ, Guillermo Cornaglia, Armando Traferri, Mar\u00eda Luz Rioja, Marcos Corach, Eduardo Toniolli, Alcides Calvo, Lucila De Ponti, Alejandra Rodenas, Ruben Pirola, Ver\u00f3nica Baro Graf, Oscar Cachi Mart\u00ednez, Celia Arena, Juan Manuel Pusineri, Diego Giuliano, Germ\u00e1n Mart\u00ednez, Walter Agosto, entre otros.<\/p>\n<h6>Fuente: La Capital<\/h6>\n","protected":false},"excerpt":{"rendered":"<p>La cumbre del peronismo santafesino, con las ausencias de Perotti y Lewandowski, critic\u00f3 fuerte al oficialismo: \u201cEstamos frente a una avanzada autoritaria y de perpetuaci\u00f3n en el poder\u00bb<\/p>\n","protected":false},"author":2,"featured_media":151934,"comment_status":"closed","ping_status":"closed","sticky":false,"template":"","format":"standard","meta":{"footnotes":""},"categories":[4],"tags":[10],"class_list":["post-151902","post","type-post","status-publish","format-standard","has-post-thumbnail","hentry","category-informe-politico","tag-santa-fe"],"_links":{"self":[{"href":"http:\/\/argentinamunicipal.com.ar\/argentina\/wp-json\/wp\/v2\/posts\/151902","targetHints":{"allow":["GET"]}}],"collection":[{"href":"http:\/\/argentinamunicipal.com.ar\/argentina\/wp-json\/wp\/v2\/posts"}],"about":[{"href":"http:\/\/argentinamunicipal.com.ar\/argentina\/wp-json\/wp\/v2\/types\/post"}],"author":[{"embeddable":true,"href":"http:\/\/argentinamunicipal.com.ar\/argentina\/wp-json\/wp\/v2\/users\/2"}],"replies":[{"embeddable":true,"href":"http:\/\/argentinamunicipal.com.ar\/argentina\/wp-json\/wp\/v2\/comments?post=151902"}],"version-history":[{"count":0,"href":"http:\/\/argentinamunicipal.com.ar\/argentina\/wp-json\/wp\/v2\/posts\/151902\/revisions"}],"wp:featuredmedia":[{"embeddable":true,"href":"http:\/\/argentinamunicipal.com.ar\/argentina\/wp-json\/wp\/v2\/media\/151934"}],"wp:attachment":[{"href":"http:\/\/argentinamunicipal.com.ar\/argentina\/wp-json\/wp\/v2\/media?parent=151902"}],"wp:term":[{"taxonomy":"category","embeddable":true,"href":"http:\/\/argentinamunicipal.com.ar\/argentina\/wp-json\/wp\/v2\/categories?post=151902"},{"taxonomy":"post_tag","embeddable":true,"href":"http:\/\/argentinamunicipal.com.ar\/argentina\/wp-json\/wp\/v2\/tags?post=151902"}],"curies":[{"name":"wp","href":"https:\/\/api.w.org\/{rel}","templated":true}]}}