{"id":151910,"date":"2024-11-28T05:11:28","date_gmt":"2024-11-28T08:11:28","guid":{"rendered":"http:\/\/argentinamunicipal.com.ar\/argentina\/?p=151910"},"modified":"2024-11-26T19:11:49","modified_gmt":"2024-11-26T22:11:49","slug":"godoy-cruz-fiesta-provincial-de-la-cerveza-del-5-al-8-de-diciembre","status":"publish","type":"post","link":"http:\/\/argentinamunicipal.com.ar\/argentina\/godoy-cruz-fiesta-provincial-de-la-cerveza-del-5-al-8-de-diciembre\/","title":{"rendered":"Godoy Cruz, Fiesta Provincial de la Cerveza, del 5 al 8 de diciembre"},"content":{"rendered":"<p>Con la confirmaci\u00f3n de la artista pop del momento, el intendente Diego Costarelli anunci\u00f3 una nueva edici\u00f3n de la celebraci\u00f3n m\u00e1s grande del oeste argentino. Godoy Cruz volver\u00e1 a sumar un d\u00eda a su calendario festivalero: comenzar\u00e1 el jueves 5 y finalizar\u00e1 el domingo 8 de diciembre.<\/p>\n<p>Con una gran trayectoria, la Fiesta Provincial de la Cerveza se ha consolidado entre las m\u00e1s importantes del pa\u00eds. Es por eso que por estos d\u00edas busca proyectarse a nivel internacional con una experiencia superadora. Fundamentalmente, apuntar a la perfecci\u00f3n en tecnolog\u00eda, gastronom\u00eda, servicios, seguridad, accesibilidad, propuesta escenogr\u00e1fica, iluminaci\u00f3n y art\u00edstica general.<\/p>\n<p>\u201cEn esta nueva edici\u00f3n, estamos consolidando un trabajo para\u00a0posicionar a Godoy Cruz como destino tur\u00edstico y cultural. Esperamos que vengan visitantes de todo el pa\u00eds e incluso de pa\u00edses de la regi\u00f3n. El impacto en la generaci\u00f3n de empleo y en la actividad econ\u00f3mica del departamento ser\u00e1 muy importante\u201d, manifest\u00f3 el\u00a0intendente Diego Costarelli.<\/p>\n<p>Del jueves 5 al domingo 8 de diciembre se presentar\u00e1n artistas locales, nacionales e internacionales. Como Maria Becerra, que estar\u00e1 cerrando su gira mundial por Europa, EEUU y Am\u00e9rica Latina en la Fiesta, el \u00faltimo d\u00eda del festival.<\/p>\n<h6>Fuente:diariomendoza.com<\/h6>\n","protected":false},"excerpt":{"rendered":"<p>Con una gran trayectoria, la Fiesta Provincial de la Cerveza se ha consolidado entre las m\u00e1s importantes del pa\u00eds. Es por eso que por estos d\u00edas busca proyectarse a nivel internacional con una experiencia superadora.<\/p>\n","protected":false},"author":2,"featured_media":151957,"comment_status":"closed","ping_status":"closed","sticky":false,"template":"","format":"standard","meta":{"footnotes":""},"categories":[47],"tags":[31],"class_list":["post-151910","post","type-post","status-publish","format-standard","has-post-thumbnail","hentry","category-fiestas","tag-mendoza"],"_links":{"self":[{"href":"http:\/\/argentinamunicipal.com.ar\/argentina\/wp-json\/wp\/v2\/posts\/151910","targetHints":{"allow":["GET"]}}],"collection":[{"href":"http:\/\/argentinamunicipal.com.ar\/argentina\/wp-json\/wp\/v2\/posts"}],"about":[{"href":"http:\/\/argentinamunicipal.com.ar\/argentina\/wp-json\/wp\/v2\/types\/post"}],"author":[{"embeddable":true,"href":"http:\/\/argentinamunicipal.com.ar\/argentina\/wp-json\/wp\/v2\/users\/2"}],"replies":[{"embeddable":true,"href":"http:\/\/argentinamunicipal.com.ar\/argentina\/wp-json\/wp\/v2\/comments?post=151910"}],"version-history":[{"count":0,"href":"http:\/\/argentinamunicipal.com.ar\/argentina\/wp-json\/wp\/v2\/posts\/151910\/revisions"}],"wp:featuredmedia":[{"embeddable":true,"href":"http:\/\/argentinamunicipal.com.ar\/argentina\/wp-json\/wp\/v2\/media\/151957"}],"wp:attachment":[{"href":"http:\/\/argentinamunicipal.com.ar\/argentina\/wp-json\/wp\/v2\/media?parent=151910"}],"wp:term":[{"taxonomy":"category","embeddable":true,"href":"http:\/\/argentinamunicipal.com.ar\/argentina\/wp-json\/wp\/v2\/categories?post=151910"},{"taxonomy":"post_tag","embeddable":true,"href":"http:\/\/argentinamunicipal.com.ar\/argentina\/wp-json\/wp\/v2\/tags?post=151910"}],"curies":[{"name":"wp","href":"https:\/\/api.w.org\/{rel}","templated":true}]}}