{"id":151971,"date":"2024-11-27T05:46:24","date_gmt":"2024-11-27T08:46:24","guid":{"rendered":"http:\/\/argentinamunicipal.com.ar\/argentina\/?p=151971"},"modified":"2024-11-26T19:49:14","modified_gmt":"2024-11-26T22:49:14","slug":"caleta-olivia-el-conflicto-municipal-suma-mas-opositores-al-intendente","status":"publish","type":"post","link":"http:\/\/argentinamunicipal.com.ar\/argentina\/caleta-olivia-el-conflicto-municipal-suma-mas-opositores-al-intendente\/","title":{"rendered":"Caleta Olivia: El conflicto municipal suma m\u00e1s opositores al intendente"},"content":{"rendered":"<p>Ello qued\u00f3 evidenciado en la rueda de prensa que a mediod\u00eda de este martes convoc\u00f3 la comisi\u00f3n directiva del SOEMCO, encabezada por su principal dirigente, Juli\u00e1n Carrizo.<\/p>\n<p>Se realiz\u00f3 frente al edificio central de la comuna, donde hace ya varias semanas hay un acampe que tambi\u00e9n obstruye el normal funcionamiento del Concejo Deliberante ubicado en las inmediaciones.<\/p>\n<p>En rigor, ya no se observa la presencia de numerosos afiliados adheridos al paro motivado principalmente por el reclamo de una recomposici\u00f3n salarial superior a la que les ofrece el Departamento Ejecutivo. Y probablemente ello se deba al desgaste que trae aparejado el extenso conflicto.<\/p>\n<p>Sin embargo, el SOEMCO va sumando adhesiones de otros gremios como el de los docentes (ADOSAC) y ATE, pero tambi\u00e9n de fuerzas pol\u00edticas que aprovechan esta circunstancia para cuestionar a la gesti\u00f3n del intendente Pablo Carrizo y literalmente tambi\u00e9n la del gobernador Claudio Vidal, ya que ambos pertenecen al partido Por Santa Cruz.<\/p>\n<p>Ahora la marchas de protestas, por diferentes motivos, generalmente convergen a la zona del acampe y en la rueda de prensa de hoy estuvo presente el dirigente del Partido Obrero y de su rama social, el Polo Obrero, Omar Latini; la dirigente local de la UCR, Nadia Sosa y el militante kirchnerista David Hermosilla, quien tambi\u00e9n es integrante de la mesa de conducci\u00f3n de la CGT Regional Zona Norte, adem\u00e1s de dos concejales opositores.<\/p>\n<p>En ese marco, Juli\u00e1n Carrizo -quien vuelve a postularse para continuar un mandato de tres d\u00e9cadas-,, exhibi\u00f3 numerosas carpetas conteniendo expediente de notas elevadas al Departamento Ejecutivo por reclamos de actas incumplidas y denuncias presentadas ante el Ministerio de Trabajo debido a recortes salariales, falta de categorizaci\u00f3n de personal y otras irregularidades.<\/p>\n<p>En su exposici\u00f3n de poco menos de una hora redobl\u00f3 sus cr\u00edticas al jefe comunal, record\u00e1ndole que la familia municipal representa el 30 % de la poblaci\u00f3n y es la que motoriza el circuito econ\u00f3mico de la localidad, pero se le niega un justo aumento salarial, mientras que quienes cumplen cargos pol\u00edticos se beneficiaron con un incremento del 150 desde que asumieron.<\/p>\n<p>\u201cESCENA IMPENSADA\u201d<\/p>\n<p>El portal digital La Vanguardia Noticias, al describir la citada rueda de prensa, cit\u00f3 que \u201clo que m\u00e1s llam\u00f3 la atenci\u00f3n de la conferencia fue la in\u00e9dita unidad que se evidenci\u00f3 en la mesa de di\u00e1logo\u201d dado que hubo \u201cuna escena impensada en otras \u00e9pocas\u201d<\/p>\n<p>\u201cEstaba Juli\u00e1n Carrizo, sindicalista kirchnerista, por primera vez con representantes del Polo Obrero (partido de izquierda), encabezado por Omar Latini\u201d e incluso \u201cautoridades del Comit\u00e9 local de la Uni\u00f3n C\u00edvica Radical (UCR), entre ellas su presidente Nadia Sosa\u201d.<\/p>\n<p>\u201cEsto refleja un cambio de contexto en la lucha por los aumentos salariales en Caleta Olivia, en donde sectores que antes se manten\u00edan enfrentados por su vinculaci\u00f3n pol\u00edtica con el kirchnerismo hoy se suman al reclamo com\u00fan\u201d describe.<\/p>\n<p>Correlativamente destaca que \u201cel marco pol\u00edtico que atraviesa esta coyuntura tambi\u00e9n tiene que ver con un giro en el panorama nacional y provincial, donde el gobierno de Javier Milei quita transferencias a la provincia de Santa Cruz\u201d.<\/p>\n<p>Finalmente agrega que \u201ca la unidad gremial, que incluye a ADOSAC, ATE y otros sindicatos de la actividad p\u00fablica, hoy se le sum\u00f3 la presencia de concejales de la oposici\u00f3n, como Carlos Aparicio (PJ) y Juan Curall\u00e1n (bloque unipersonal)\u201d habiendo sido este \u00faltimo quien pidi\u00f3 directamente la \u201crenuncia\u201d del intendente Pablo Carrizo, en tanto que Aparicio apel\u00f3 al consenso y dijo que el cuerpo procurar\u00e1 sesionar a la brevedad posible<\/p>\n<h6>Fuente: Patag\u00f3nico<\/h6>\n","protected":false},"excerpt":{"rendered":"<p>Ello qued\u00f3 evidenciado en la rueda de prensa que a mediod\u00eda de este martes convoc\u00f3 la comisi\u00f3n directiva del SOEMCO, encabezada por su principal dirigente, Juli\u00e1n Carrizo.<\/p>\n","protected":false},"author":2,"featured_media":151972,"comment_status":"closed","ping_status":"closed","sticky":false,"template":"","format":"standard","meta":{"footnotes":""},"categories":[7],"tags":[29],"class_list":["post-151971","post","type-post","status-publish","format-standard","has-post-thumbnail","hentry","category-informe-sindical","tag-santa-cruz"],"_links":{"self":[{"href":"http:\/\/argentinamunicipal.com.ar\/argentina\/wp-json\/wp\/v2\/posts\/151971","targetHints":{"allow":["GET"]}}],"collection":[{"href":"http:\/\/argentinamunicipal.com.ar\/argentina\/wp-json\/wp\/v2\/posts"}],"about":[{"href":"http:\/\/argentinamunicipal.com.ar\/argentina\/wp-json\/wp\/v2\/types\/post"}],"author":[{"embeddable":true,"href":"http:\/\/argentinamunicipal.com.ar\/argentina\/wp-json\/wp\/v2\/users\/2"}],"replies":[{"embeddable":true,"href":"http:\/\/argentinamunicipal.com.ar\/argentina\/wp-json\/wp\/v2\/comments?post=151971"}],"version-history":[{"count":0,"href":"http:\/\/argentinamunicipal.com.ar\/argentina\/wp-json\/wp\/v2\/posts\/151971\/revisions"}],"wp:featuredmedia":[{"embeddable":true,"href":"http:\/\/argentinamunicipal.com.ar\/argentina\/wp-json\/wp\/v2\/media\/151972"}],"wp:attachment":[{"href":"http:\/\/argentinamunicipal.com.ar\/argentina\/wp-json\/wp\/v2\/media?parent=151971"}],"wp:term":[{"taxonomy":"category","embeddable":true,"href":"http:\/\/argentinamunicipal.com.ar\/argentina\/wp-json\/wp\/v2\/categories?post=151971"},{"taxonomy":"post_tag","embeddable":true,"href":"http:\/\/argentinamunicipal.com.ar\/argentina\/wp-json\/wp\/v2\/tags?post=151971"}],"curies":[{"name":"wp","href":"https:\/\/api.w.org\/{rel}","templated":true}]}}