{"id":1520,"date":"2014-02-18T23:41:10","date_gmt":"2014-02-19T02:41:10","guid":{"rendered":"http:\/\/argentinamunicipal.com.ar\/argentina\/?p=1520"},"modified":"2014-06-05T09:33:38","modified_gmt":"2014-06-05T12:33:38","slug":"iniciaron-capacitaciones-para-adultos-desocupados-en-valle-viejo","status":"publish","type":"post","link":"http:\/\/argentinamunicipal.com.ar\/argentina\/iniciaron-capacitaciones-para-adultos-desocupados-en-valle-viejo\/","title":{"rendered":"Iniciaron capacitaciones para adultos desocupados en Valle Viejo"},"content":{"rendered":"<p><a href=\"http:\/\/argentinamunicipal.com.ar\/argentina\/wp-content\/uploads\/2014\/02\/viejitos.jpg\"><img loading=\"lazy\" decoding=\"async\" class=\"aligncenter size-full wp-image-1522\" alt=\"viejitos\" src=\"http:\/\/argentinamunicipal.com.ar\/argentina\/wp-content\/uploads\/2014\/02\/viejitos.jpg\" width=\"1600\" height=\"1066\" srcset=\"http:\/\/argentinamunicipal.com.ar\/argentina\/wp-content\/uploads\/2014\/02\/viejitos.jpg 1600w, http:\/\/argentinamunicipal.com.ar\/argentina\/wp-content\/uploads\/2014\/02\/viejitos-300x199.jpg 300w, http:\/\/argentinamunicipal.com.ar\/argentina\/wp-content\/uploads\/2014\/02\/viejitos-1024x682.jpg 1024w\" sizes=\"auto, (max-width: 1600px) 100vw, 1600px\" \/><\/a><\/p>\n<p>La municipalidad de Valle Viejo se prepara para dar inicio a diferentes cursos destinado a adultos desocupados del departamento. La intenci\u00f3n es brindar herramientas para la inserci\u00f3n laboral a trav\u00e9s de mano de obra capacitada.<\/p>\n<p>Estos dieron inicio ayer y culminar\u00e1n el 29 de noviembre del a\u00f1o en curso. El dictado ser\u00e1 de lunes a viernes en horarios por convenir.<\/p>\n<p>Los cursos estar\u00e1n dictados con certificados por la direcci\u00f3n de Educaci\u00f3n T\u00e9cnica y Formaci\u00f3n Profesional dependiente del ministerio de Educaci\u00f3n de la provincia junto con la Oficina de Empleo de la municipalidad de Valle Viejo.<\/p>\n<p>Desde esta direcci\u00f3n, se aclar\u00f3 que aquellas personas que cuentan con planes sociales que tengan intenci\u00f3n de sumarse a los cursos no deber\u00e1n abonar arancel alguno.<\/p>\n<p>La oferta acad\u00e9mica confirmada para este a\u00f1o es el siguiente:<br \/>\n* Confecci\u00f3n textil<br \/>\n* Herrer\u00eda artesanal<br \/>\n* Curtido de cuero ymarroquiner\u00eda<br \/>\n* Gastronom\u00eda<br \/>\n* Construcci\u00f3n tradicional<br \/>\n* Construcci\u00f3n con durlock<br \/>\n* Plomer\u00eda<br \/>\n* Electricidad domiciliaria<br \/>\n* Tejido en telar artesanal<br \/>\n* Artesan\u00edas, manualidadesen general<br \/>\n* Tejido a m\u00e1quina<\/p>\n<p>Para recabar informaci\u00f3n y preinscribirse, los interesados deber\u00e1n dirigirse a la Oficina de Empleo de la municipalidad de Valle Viejo, cita en el parador de Tres Puentes, planta baja, de lunes a viernes de 8.00 a 13.00.<\/p>\n<h6>Fuente: La Uni\u00f3n Digital<\/h6>\n","protected":false},"excerpt":{"rendered":"<p>La municipalidad de Valle Viejo se prepara para dar inicio a diferentes cursos destinado a adultos desocupados del departamento. La intenci\u00f3n es brindar herramientas para la inserci\u00f3n laboral a trav\u00e9s de mano de obra capacitada. Estos dieron inicio ayer y culminar\u00e1n el 29 de noviembre del a\u00f1o en curso. El dictado ser\u00e1 de lunes a<\/p>\n","protected":false},"author":2,"featured_media":1522,"comment_status":"closed","ping_status":"closed","sticky":false,"template":"","format":"standard","meta":{"footnotes":""},"categories":[2],"tags":[16],"class_list":["post-1520","post","type-post","status-publish","format-standard","has-post-thumbnail","hentry","category-informe-municipal","tag-catamarca"],"_links":{"self":[{"href":"http:\/\/argentinamunicipal.com.ar\/argentina\/wp-json\/wp\/v2\/posts\/1520","targetHints":{"allow":["GET"]}}],"collection":[{"href":"http:\/\/argentinamunicipal.com.ar\/argentina\/wp-json\/wp\/v2\/posts"}],"about":[{"href":"http:\/\/argentinamunicipal.com.ar\/argentina\/wp-json\/wp\/v2\/types\/post"}],"author":[{"embeddable":true,"href":"http:\/\/argentinamunicipal.com.ar\/argentina\/wp-json\/wp\/v2\/users\/2"}],"replies":[{"embeddable":true,"href":"http:\/\/argentinamunicipal.com.ar\/argentina\/wp-json\/wp\/v2\/comments?post=1520"}],"version-history":[{"count":0,"href":"http:\/\/argentinamunicipal.com.ar\/argentina\/wp-json\/wp\/v2\/posts\/1520\/revisions"}],"wp:featuredmedia":[{"embeddable":true,"href":"http:\/\/argentinamunicipal.com.ar\/argentina\/wp-json\/wp\/v2\/media\/1522"}],"wp:attachment":[{"href":"http:\/\/argentinamunicipal.com.ar\/argentina\/wp-json\/wp\/v2\/media?parent=1520"}],"wp:term":[{"taxonomy":"category","embeddable":true,"href":"http:\/\/argentinamunicipal.com.ar\/argentina\/wp-json\/wp\/v2\/categories?post=1520"},{"taxonomy":"post_tag","embeddable":true,"href":"http:\/\/argentinamunicipal.com.ar\/argentina\/wp-json\/wp\/v2\/tags?post=1520"}],"curies":[{"name":"wp","href":"https:\/\/api.w.org\/{rel}","templated":true}]}}