{"id":152002,"date":"2024-11-27T06:24:48","date_gmt":"2024-11-27T09:24:48","guid":{"rendered":"http:\/\/argentinamunicipal.com.ar\/argentina\/?p=152002"},"modified":"2024-11-27T06:24:48","modified_gmt":"2024-11-27T09:24:48","slug":"turismo-internacional-advierten-que-la-baja-en-mendoza-podria-llegar-a-80-en-el-verano","status":"publish","type":"post","link":"http:\/\/argentinamunicipal.com.ar\/argentina\/turismo-internacional-advierten-que-la-baja-en-mendoza-podria-llegar-a-80-en-el-verano\/","title":{"rendered":"Turismo internacional: advierten que la baja en Mendoza podr\u00eda llegar a 80% en el verano"},"content":{"rendered":"<p>A nivel nacional, las cifras del Indec marcaron una baja del 30,3% interanual, pero para algunos segmentos de la provincia ser\u00eda peor. Las estimaciones para el verano son a\u00fan m\u00e1s catastr\u00f3ficas.<\/p>\n<p>Sin muchos secretos detr\u00e1s, el combo de la apreciaci\u00f3n del peso argentino frente al d\u00f3lar y las devaluaciones que han encarado pa\u00edses lim\u00edtrofes como Brasil y Chile ha tra\u00eddo aparejado un cambio en la balanza del turismo que dej\u00f3 en el mes de octubre, seg\u00fan el Instituto Nacional de Estad\u00edsticas y Censos (Indec), una baja del 30,3% en todo el pa\u00eds en la cantidad de visitantes que ingresaron al pa\u00eds, en la comparativa interanual.<\/p>\n<p>Sin embargo, en Mendoza, y pese al saldo positivo del Aeropuerto Internacional El Plumerillo en este periodo con un aumento de 7,6% en comparaci\u00f3n con el d\u00e9cimo mes de 2023, el panorama no es el m\u00e1s alentador y aseguran que la ca\u00edda de los visitantes internacionales en este periodo podr\u00eda llegar al 40%. Pero lo peor para el sector parece estar por venir, de acuerdo a referentes, en el verano se espera una catastr\u00f3fica ca\u00edda de hasta 80%.<\/p>\n<p>Los n\u00fameros del turismo internacional del Indec causaron entre angustia y preocupaci\u00f3n en grupos internos del enoturismo mendocino. De acuerdo a las conversaciones privadas a las que MDZ pudo acceder, algunos referentes del sector aseguran que en Mendoza la cifra es m\u00e1s alta que el 30,3% nacional y que hasta rondar\u00eda el 40%.<\/p>\n<p>Conforme a las cifras del\u00a0Observatorio Tur\u00edstico\u00a0del Ente Mendoza\u00a0Turismo\u00a0(Emetur), las reservas de alojamiento en la provincia de Mendoza tuvieron una baja de casi seis puntos porcentuales respecto a los registros de 2023. En octubre, la ocupaci\u00f3n lleg\u00f3 al 69,97%, cuando en el a\u00f1o anterior hab\u00eda sido de 75,55%.<\/p>\n<p>Incluso, aunque todav\u00eda no est\u00e1n las cifras del mes completo, la baja se repite en noviembre, aunque menos pronunciada. De acuerdo a las cifras oficiales, en lo que va de este mes la ocupaci\u00f3n ha sido de 71,36%, cuando un a\u00f1o atr\u00e1s hab\u00eda sido del 73,41% en el promedio provincial.<\/p>\n<p>Como lo explic\u00f3 Alejandro Vigil, en\u00f3logo y propietario de Bodega Aleanna (donde hace sus afamados vinos El Enemigo) y empresario enogastron\u00f3mico, el mayor impacto se lo han llevado los segmentos m\u00e1s \u201caccesibles\u201d del turismo mendocino, mientras que los proyectos apuntados al segmento ABC1 han logrado pasar por esta crisis m\u00e1s airesos. En este sentido, asegur\u00f3 que justamente la apreciaci\u00f3n del peso frente al d\u00f3lar y la devaluaci\u00f3n de los pa\u00edses lim\u00edtrofes, justamente de d\u00f3nde m\u00e1s turistas llegaban a Mendoza, ha sido el gran detonante de esta situaci\u00f3n.<\/p>\n<p>Para\u00a0Vigil, no existe una salida r\u00e1pida de esta crisis. \u201cLa \u00fanica posibilidad de escapar de esa situaci\u00f3n de coyuntura permanente es trabajar con un\u00a0turismo\u00a0de alta gama, eso significa una inversi\u00f3n diez veces mayor, no solamente en infraestructura sino en personal, pero que te permite mantener una pol\u00edtica estrat\u00e9gica para tu empresa\u201d, afirm\u00f3. Asimismo, argument\u00f3 que \u201cuna baja impositiva\u201d es lo \u00fanico que podr\u00eda ayudar al sector.<\/p>\n<p><strong>Proyecciones catastr\u00f3ficas<\/strong><br \/>\nM\u00e1s all\u00e1 de que Mendoza recibi\u00f3 en el mes de octubre 156.000 (+7,6%) turistas por el Aeropuerto Internacional Gobernador Francisco Gabrielli y unos 94.000 (-4,8%) por el Paso Internacional Cristo Redentor, las proyecciones para la temporada de verano en la provincia parecen no ser las mejores.<\/p>\n<p>Aunque las autoridades provinciales y la industria en general han hecho en el \u00faltimo tiempo un trabajo profundo en romper la estacionalidad de las visitas a Mendoza, que en parte se ha logrado, el verano no deja de ser la temporada baja, sobre todo en para el\u00a0turismo\u00a0del vino. En este sentido,\u00a0Vigil\u00a0anticip\u00f3 un panorama poco alentador.<\/p>\n<p>\u201cEste verano vamos a notar la estacionalidad m\u00e1s que nunca en los \u00faltimos 20 a\u00f1os. Va a haber una ca\u00edda entre el 70% y el 80%. Eso es lo que estoy calculando en la ca\u00edda general de ingresos de gente a la provincia. Porque aparte vamos a tener un \u00e9xodo por encima de la media de los \u00faltimos 10 a\u00f1os. Entonces se va a ver totalmente afectado el consumo local por \u00e9xodo y por falta de dinero, sumado a una ca\u00edda fuerte de\u00a0turismo\u201d, complet\u00f3 el referente.<\/p>\n<h6>Fuente: MDZ<\/h6>\n","protected":false},"excerpt":{"rendered":"<p>A nivel nacional, las cifras del Indec marcaron una baja del 30,3% interanual, pero para algunos segmentos de la provincia ser\u00eda peor. Las estimaciones para el verano son a\u00fan m\u00e1s catastr\u00f3ficas.<\/p>\n","protected":false},"author":2,"featured_media":152003,"comment_status":"closed","ping_status":"closed","sticky":false,"template":"","format":"standard","meta":{"footnotes":""},"categories":[5],"tags":[31],"class_list":["post-152002","post","type-post","status-publish","format-standard","has-post-thumbnail","hentry","category-informe-economico","tag-mendoza"],"_links":{"self":[{"href":"http:\/\/argentinamunicipal.com.ar\/argentina\/wp-json\/wp\/v2\/posts\/152002","targetHints":{"allow":["GET"]}}],"collection":[{"href":"http:\/\/argentinamunicipal.com.ar\/argentina\/wp-json\/wp\/v2\/posts"}],"about":[{"href":"http:\/\/argentinamunicipal.com.ar\/argentina\/wp-json\/wp\/v2\/types\/post"}],"author":[{"embeddable":true,"href":"http:\/\/argentinamunicipal.com.ar\/argentina\/wp-json\/wp\/v2\/users\/2"}],"replies":[{"embeddable":true,"href":"http:\/\/argentinamunicipal.com.ar\/argentina\/wp-json\/wp\/v2\/comments?post=152002"}],"version-history":[{"count":0,"href":"http:\/\/argentinamunicipal.com.ar\/argentina\/wp-json\/wp\/v2\/posts\/152002\/revisions"}],"wp:featuredmedia":[{"embeddable":true,"href":"http:\/\/argentinamunicipal.com.ar\/argentina\/wp-json\/wp\/v2\/media\/152003"}],"wp:attachment":[{"href":"http:\/\/argentinamunicipal.com.ar\/argentina\/wp-json\/wp\/v2\/media?parent=152002"}],"wp:term":[{"taxonomy":"category","embeddable":true,"href":"http:\/\/argentinamunicipal.com.ar\/argentina\/wp-json\/wp\/v2\/categories?post=152002"},{"taxonomy":"post_tag","embeddable":true,"href":"http:\/\/argentinamunicipal.com.ar\/argentina\/wp-json\/wp\/v2\/tags?post=152002"}],"curies":[{"name":"wp","href":"https:\/\/api.w.org\/{rel}","templated":true}]}}