{"id":152017,"date":"2024-11-28T05:45:58","date_gmt":"2024-11-28T08:45:58","guid":{"rendered":"http:\/\/argentinamunicipal.com.ar\/argentina\/?p=152017"},"modified":"2024-11-27T19:22:46","modified_gmt":"2024-11-27T22:22:46","slug":"el-municipio-ya-formo-a-14-mil-santafesinos-en-su-programa-de-promocion-y-educacion-ambiental","status":"publish","type":"post","link":"http:\/\/argentinamunicipal.com.ar\/argentina\/el-municipio-ya-formo-a-14-mil-santafesinos-en-su-programa-de-promocion-y-educacion-ambiental\/","title":{"rendered":"El Municipio ya form\u00f3 a 14 mil santafesinos en su Programa de Promoci\u00f3n y Educaci\u00f3n Ambiental"},"content":{"rendered":"<p>A trav\u00e9s de talleres y visitas educativas, la iniciativa busca transformar h\u00e1bitos y promover la preservaci\u00f3n del medioambiente.<\/p>\n<p>En enero de 2024, la ciudad de Santa Fe lanz\u00f3 el Programa de Promoci\u00f3n y Educaci\u00f3n Ambiental, una iniciativa que tiene como objetivo principal generar conciencia sobre las principales problem\u00e1ticas ambientales locales.<\/p>\n<p>El proyecto, que abarca cuatro ejes prioritarios \u2014gesti\u00f3n de residuos, tenencia responsable de animales de compa\u00f1\u00eda, econom\u00eda circular y ambiente y biodiversidad\u2014 est\u00e1 dise\u00f1ado para involucrar a todos los sectores de la sociedad santafesina, con un firme compromiso con el cuidado del\u00a0medioambiente.<\/p>\n<p>La primera fase del programa incluye visitas a diferentes instituciones, donde los participantes podr\u00e1n asistir a charlas y talleres de una a dos horas. Luego, cada uno de los ejes tem\u00e1ticos ofrece recorridos educativos. Por ejemplo, quienes est\u00e9n interesados en la gesti\u00f3n de residuos podr\u00e1n visitar el Complejo Ambiental y el Polo Educativo recientemente inaugurado.<\/p>\n<p>Adem\u00e1s, los que se enfoquen en la tenencia responsable de animales de compa\u00f1\u00eda podr\u00e1n visitar el Instituto Municipal de Salud Animal (IMUSA). En el eje de ambiente y biodiversidad, podr\u00e1n recorrer el Jard\u00edn Bot\u00e1nico o la Reserva Urbana del Oeste. Por \u00faltimo, en econom\u00eda circular, los participantes conocer\u00e1n el espacio\u00a0Capital Activa, que promueve el reciclaje y la reutilizaci\u00f3n de materiales.<\/p>\n<p><strong>Compromiso con el medioambiente<\/strong><br \/>\nEn este contexto, Luisina Cuello, directora de Desarrollo Urbano Sostenible de la Municipalidad, expres\u00f3 que \u00ablo que nos motiv\u00f3 fue la convicci\u00f3n de querer y creer que se puede tener una ciudad limpia y ordenada\u00bb. Seg\u00fan Cuello,\u00a0\u00abla educaci\u00f3n es \u2018la\u2019 herramienta por excelencia para conseguir el cambio cultural que necesitamos los santafesinos para lograr una Santa Fe m\u00e1s limpia\u00bb.<\/p>\n<p>La capacitaci\u00f3n se considera fundamental para que los vecinos asuman su responsabilidad tanto en la gesti\u00f3n de residuos como en el cuidado del medioambiente. Por esta raz\u00f3n,\u00a0la iniciativa no solo est\u00e1 dirigida a las escuelas, sino que tambi\u00e9n abarca a diversas instituciones vecinales, deportivas, empresariales y ONGs.<br \/>\nSiguiendo esta l\u00ednea, Francisco Pereyra, coordinador de Promoci\u00f3n Ambiental, destac\u00f3 que \u00abesta pol\u00edtica se basa en el derecho a un ambiente sano, reconocido como un derecho humano por la Constituci\u00f3n Nacional y los acuerdos internacionales de la ONU\u00bb, y agreg\u00f3 que\u00a0\u00abel objetivo es posicionar a Santa Fe como un modelo de sostenibilidad, con la Educaci\u00f3n Ambiental como eje central de las pol\u00edticas p\u00fablicas locales\u00bb.<\/p>\n<p>Debido a la gran adhesi\u00f3n y asistencia de casi 150 instituciones participantes, hasta el momento se capacitaron 14.000 personas, considerando los cuatro ejes del programa. En particular, los talleres de Gesti\u00f3n de Residuos S\u00f3lidos alcanzaron a 9.000 personas, y se proyecta que, para fin de a\u00f1o, se capaciten a 11.000 personas, cuadruplicando el alcance del \u00faltimo programa implementado a nivel local.<\/p>\n<p>Los interesados debieron inscribirse completando un formulario web, lo que les permiti\u00f3 adherirse al programa y participar en \u00e9l. Al finalizar, recibieron una evaluaci\u00f3n final y un certificado de aprobaci\u00f3n, lo que reforz\u00f3 su formaci\u00f3n y compromiso.<\/p>\n<p><strong>Educaci\u00f3n como herramienta de cambio<\/strong><br \/>\nPara ambos representantes, una \u00abciudad sustentable\u00bb es aquella que logra un equilibrio entre el desarrollo econ\u00f3mico, social y ambiental, minimizando al mismo tiempo el impacto sobre el medio ambiente. En este contexto, destacaron diversos proyectos implementados para avanzar hacia este objetivo.<\/p>\n<p>Programa\u00a0\u201cEmpecemos por casa\u201d: consiste en la colocaci\u00f3n de cestos diferenciados para la separaci\u00f3n de residuos secos y h\u00famedos en todo el palacio municipal.<\/p>\n<p>Capacitaci\u00f3n en\u00a0\u201cLey Yolanda\u201d: establece que todos los empleados p\u00fablicos reciban formaci\u00f3n obligatoria en materia ambiental, con el fin de sensibilizar a los trabajadores sobre la importancia del cuidado del medio ambiente.<br \/>\nInauguraci\u00f3n del \u201cPolo Educativo Ambiental\u201d: para posibilitar visitas educativas, con el prop\u00f3sito de concientizar sobre los residuos que generamos y su manejo adecuado.<\/p>\n<p>Ampliaci\u00f3n de la\u00a0\u201cRed de Ecopuntos\u201d: permite que los vecinos puedan depositar sus materiales reciclables y secos en puntos espec\u00edficos dispuestos en la ciudad.<\/p>\n<p>Programa \u201cBasura Barrio por Barrio\u201d: intervenciones en distintos barrios para identificar y resolver problemas relacionados con la gesti\u00f3n de residuos, mejorando la limpieza y el orden urbano.<\/p>\n<p>Sin embargo, Pereyra indic\u00f3 que \u201clos mayores desaf\u00edos son comprometer activamente a todos los actores de la ciudad con el cuidado del medioambiente; educar sobre la problem\u00e1tica en su contexto local e internacional; lograr la comprensi\u00f3n de las responsabilidades de cada uno en la preservaci\u00f3n del sistema urbano, y valorizar al ambiente\u00bb.<br \/>\nA trav\u00e9s de talleres y visitas educativas, los santafesinos aprenden a cuidar el medioambiente. Cr\u00e9dito: Gentileza.<\/p>\n<p>Y agreg\u00f3 que \u00abla soluci\u00f3n a los problemas ambientales requiere, entre otros aspectos, un profundo cambio cultural de la sociedad, y la Educaci\u00f3n Ambiental es uno de los principales instrumentos para promoverlo\u00bb.<\/p>\n<p><strong>Hacia una ciudad m\u00e1s verde<\/strong><br \/>\nDesde el municipio, se sostiene que para el pr\u00f3ximo a\u00f1o se buscar\u00e1 alcanzar a todas aquellas instituciones que no pudieron sumarse en esta primera implementaci\u00f3n del programa, adem\u00e1s de incorporar nuevos ejes de inter\u00e9s a los ya existentes.<\/p>\n<p>En particular, se profundizar\u00e1 en el eje de residuos, ya que conocer todo lo relacionado con los residuos generados, su clasificaci\u00f3n, tipos, rutas, servicios, tratamientos y normativas es fundamental para el ordenamiento de la ciudad.<br \/>\nAs\u00ed, el Programa de Promoci\u00f3n y Educaci\u00f3n Ambiental se presenta como un motor de cambio cultural, que impulsa a los santafesinos hacia una nueva forma de relacionarse con su ciudad y con el planeta.<\/p>\n<h6>Fuente: El Litoral<\/h6>\n","protected":false},"excerpt":{"rendered":"<p>A trav\u00e9s de talleres y visitas educativas, la iniciativa busca transformar h\u00e1bitos y promover la preservaci\u00f3n del medioambiente.<\/p>\n","protected":false},"author":2,"featured_media":152018,"comment_status":"closed","ping_status":"closed","sticky":false,"template":"","format":"standard","meta":{"footnotes":""},"categories":[2],"tags":[10],"class_list":["post-152017","post","type-post","status-publish","format-standard","has-post-thumbnail","hentry","category-informe-municipal","tag-santa-fe"],"_links":{"self":[{"href":"http:\/\/argentinamunicipal.com.ar\/argentina\/wp-json\/wp\/v2\/posts\/152017","targetHints":{"allow":["GET"]}}],"collection":[{"href":"http:\/\/argentinamunicipal.com.ar\/argentina\/wp-json\/wp\/v2\/posts"}],"about":[{"href":"http:\/\/argentinamunicipal.com.ar\/argentina\/wp-json\/wp\/v2\/types\/post"}],"author":[{"embeddable":true,"href":"http:\/\/argentinamunicipal.com.ar\/argentina\/wp-json\/wp\/v2\/users\/2"}],"replies":[{"embeddable":true,"href":"http:\/\/argentinamunicipal.com.ar\/argentina\/wp-json\/wp\/v2\/comments?post=152017"}],"version-history":[{"count":0,"href":"http:\/\/argentinamunicipal.com.ar\/argentina\/wp-json\/wp\/v2\/posts\/152017\/revisions"}],"wp:featuredmedia":[{"embeddable":true,"href":"http:\/\/argentinamunicipal.com.ar\/argentina\/wp-json\/wp\/v2\/media\/152018"}],"wp:attachment":[{"href":"http:\/\/argentinamunicipal.com.ar\/argentina\/wp-json\/wp\/v2\/media?parent=152017"}],"wp:term":[{"taxonomy":"category","embeddable":true,"href":"http:\/\/argentinamunicipal.com.ar\/argentina\/wp-json\/wp\/v2\/categories?post=152017"},{"taxonomy":"post_tag","embeddable":true,"href":"http:\/\/argentinamunicipal.com.ar\/argentina\/wp-json\/wp\/v2\/tags?post=152017"}],"curies":[{"name":"wp","href":"https:\/\/api.w.org\/{rel}","templated":true}]}}