{"id":152060,"date":"2024-12-02T05:23:14","date_gmt":"2024-12-02T08:23:14","guid":{"rendered":"http:\/\/argentinamunicipal.com.ar\/argentina\/?p=152060"},"modified":"2024-11-28T06:25:43","modified_gmt":"2024-11-28T09:25:43","slug":"y-si-un-cachito-de-los-dolares-de-la-reparacion-a-mendoza-fuera-para-plantar-mas-arboles","status":"publish","type":"post","link":"http:\/\/argentinamunicipal.com.ar\/argentina\/y-si-un-cachito-de-los-dolares-de-la-reparacion-a-mendoza-fuera-para-plantar-mas-arboles\/","title":{"rendered":"\u00bfY si un cachito de los d\u00f3lares de la reparaci\u00f3n a Mendoza fuera para plantar m\u00e1s \u00e1rboles?"},"content":{"rendered":"<p>\u00bfSer\u00eda destemplado o chiflado plantear, como desaf\u00edo, que alguna vez los mendocinos podamos tener un \u00e1rbol por persona?<\/p>\n<p>El \u00e1rbol nos salva de los calores extremos, filtra la radiaci\u00f3n del sol, mejora la calidad del aire, asienta el suelo, absorbe el polvo en suspensi\u00f3n. Pero adem\u00e1s el \u00e1rbol es civilizaci\u00f3n.<\/p>\n<p>Aunque a veces lo olvidemos,\u00a0un \u00e1rbol en Mendoza es una cuesti\u00f3n de Estado. O, si usted quiere, un pacto no escrito, pero indisoluble.\u00a0Plantarlos debe considerarse un mandato, algo as\u00ed como una porf\u00eda laica para bancar la subsistencia.<\/p>\n<p>Cada 15 de agosto,\u00a0d\u00eda provincial del \u00e1rbol,\u00a0y sin necesidad de que sea feriado ni nada de esos aspavientos,\u00a0habr\u00eda que\u00a0pararse frente a un \u00e1rbol y abrazarlo.\u00a0Tranquilo, lo decimos simb\u00f3licamente. Pero, le aseguramos que si lo hace de manera concreta no le sonar\u00e1 nada mal. Si no es un abrazo, al menos que sea ponerle un brazo en el hombro,\u00a0como se hace con un amigo\u00a0o un familiar para transmitirle el sentimiento de un v\u00ednculo amigable.<\/p>\n<p>Una de las razones centrales que va a justificar a los mendocinos\u00a0en su paso por esta tierra, ser\u00e1 la de haber plantado \u00e1rboles y de haber hecho habitable este desierto. Esa cultura que gira en torno al \u00e1rbol -algo potente, misterioso- se ha extendido a nuestro car\u00e1cter provincial.<\/p>\n<p>Varias de las esencias de \u00ablo mendocino\u00bb las contienen los \u00e1rboles, que son pacientes, ordenados, respetuosos, pero al mismo tiempo abiertos a las novedades. Qu\u00e9 es, si no, la convivencia de especies arb\u00f3reas muy dis\u00edmiles, en particular aquellas que crecen sin necesitar mucho riego.<\/p>\n<p>Por eso, todos los a\u00f1os deber\u00eda expandirse en la Provincia la cifra de nuevos ejemplares.\u00a0Y en el Presupuesto anual de Mendoza deber\u00eda establecerse claramente una meta creciente a forestar.<\/p>\n<p><strong>Santo remedio<\/strong><br \/>\nEl \u00e1rbol ha sido y es\u00a0uno de los mejores remedios para los mendocinos: nos salva de los calores extremos, filtra la radiaci\u00f3n del sol, mejora la calidad del aire, asienta el suelo, absorbe el polvo en suspensi\u00f3n.\u00a0Pero adem\u00e1s de su aporte sanitario, el \u00e1rbol es civilizaci\u00f3n, ya que de \u00e9l emergen muchos de los componentes que\u00a0forman nuestra cultura provincial.<\/p>\n<p>Hace unos d\u00edas escuchamos, en el Parque San Mart\u00edn, a una ni\u00f1a de unos 4 a\u00f1os preguntarle a su padre.\u00a0\u00ab\u00bfP\u00e1, c\u00f3mo empiezan los \u00e1rboles?\u00bb.\u00a0El padre, pr\u00e1ctico, le dijo: \u00abDe una semilla\u00bb. Y la ni\u00f1a contest\u00f3: \u00abPero debe ser de una semilla gigante\u00bb.<\/p>\n<p>La pregunta que nos hicimos a su vez nosotros fue:\u00a0\u00bfse tratar\u00e1n debidamente (quisimos decir creativamente) en las escuelas estas dudas maravillosas de los alumnos?\u00a0\u00bfSe los incentivar\u00e1 para que aprendan ese mundo riqu\u00edsimo? Alguien les ense\u00f1ar\u00e1, por ejemplo, que\u00a0\u00abel \u00e1rbol es un pensamiento de la tierra\u00bb\u00a0como nos ilustr\u00f3 a nosotros el poeta Jorge Enrique Ramponi, ya de grandes, en su libro \u00abPiedra infinita\u00bb, y quedamos asombrados.<\/p>\n<p>No todos saben, por ejemplo, que la concepci\u00f3n de nuestro arbolado urbano es motivo de estudio en varios lugares del mundo. Desde principios del siglo pasado ese tipo de arbolado ha sido una marca registrada, como las acequias que le llevan el agua de la cordillera. Estas cunetas conforman un entretejido milagroso.<\/p>\n<p><strong>Uno por persona<\/strong><br \/>\nHacia 2017 un informe del Conicet nos aseguraba que en toda la provincia hab\u00eda un poco m\u00e1s de 1.000.000 de \u00e1rboles en alineaci\u00f3n, de los cuales 700.000 est\u00e1n en los departamentos que conforman el \u00c1rea Metropolitana.\u00a0Con esos n\u00fameros, a los 2.043.540 mendocinos de la actualidad les estar\u00eda tocando un \u00e1rbol cada dos personas.<\/p>\n<p>\u00bfSer\u00eda destemplado o chiflado plantear (o so\u00f1ar) como desaf\u00edo, que alguna vez los mendocinos podamos tener un \u00e1rbol por persona?\u00a0\u00bfNo nos har\u00eda eso m\u00e1s responsables, m\u00e1s consustanciados con la crisis ambiental?<\/p>\n<p>Y aqu\u00ed viene la sugerencia. \u00bfCon una peque\u00f1\u00edsima parte de los 1023 millones de d\u00f3lares que nos pag\u00f3 la Naci\u00f3n\u00a0en reparaci\u00f3n por los estragos econ\u00f3micos de la promoci\u00f3n industrial en las provincias vecinas,\u00a0podr\u00edamos hacer un aporte excepcional para arrancar con este proyecto\u00a0que podr\u00eda ser, adem\u00e1s,\u00a0un movilizador en las escuelas y en la sociedad civil?<\/p>\n<p>\u00abUn \u00e1rbol para cada mendocino\u00bb podr\u00eda ser adem\u00e1s un complemento a las obras que se han comenzado a hacer con esos fondos, trabajos que a su vez tienen que ver con el agua, el saneamiento y la energ\u00eda.\u00a0Cada una de estas obras deber\u00eda celebrarse hincando m\u00e1s \u00e1rboles en la tierra para llenarla de esos pensamientos que invent\u00f3 Ramponi.<\/p>\n<p>Ya lo hemos dicho en esta columna y queremos repetirlo:\u00a0\u00ablo verdaderamente revolucionario que se puede hacer en Mendoza es plantar \u00e1rboles\u00bb. A su cobijo, guarecidos, podemos plantear todo lo dem\u00e1s.<\/p>\n<p>Por\u00a0Manuel De Paz<\/p>\n<h6>Fuente: Uno<\/h6>\n","protected":false},"excerpt":{"rendered":"<p>\u00bfSer\u00eda destemplado o chiflado plantear, como desaf\u00edo, que alguna vez los mendocinos podamos tener un \u00e1rbol por persona?<\/p>\n","protected":false},"author":2,"featured_media":152061,"comment_status":"closed","ping_status":"closed","sticky":false,"template":"","format":"standard","meta":{"footnotes":""},"categories":[6],"tags":[31],"class_list":["post-152060","post","type-post","status-publish","format-standard","has-post-thumbnail","hentry","category-opiniones","tag-mendoza"],"_links":{"self":[{"href":"http:\/\/argentinamunicipal.com.ar\/argentina\/wp-json\/wp\/v2\/posts\/152060","targetHints":{"allow":["GET"]}}],"collection":[{"href":"http:\/\/argentinamunicipal.com.ar\/argentina\/wp-json\/wp\/v2\/posts"}],"about":[{"href":"http:\/\/argentinamunicipal.com.ar\/argentina\/wp-json\/wp\/v2\/types\/post"}],"author":[{"embeddable":true,"href":"http:\/\/argentinamunicipal.com.ar\/argentina\/wp-json\/wp\/v2\/users\/2"}],"replies":[{"embeddable":true,"href":"http:\/\/argentinamunicipal.com.ar\/argentina\/wp-json\/wp\/v2\/comments?post=152060"}],"version-history":[{"count":0,"href":"http:\/\/argentinamunicipal.com.ar\/argentina\/wp-json\/wp\/v2\/posts\/152060\/revisions"}],"wp:featuredmedia":[{"embeddable":true,"href":"http:\/\/argentinamunicipal.com.ar\/argentina\/wp-json\/wp\/v2\/media\/152061"}],"wp:attachment":[{"href":"http:\/\/argentinamunicipal.com.ar\/argentina\/wp-json\/wp\/v2\/media?parent=152060"}],"wp:term":[{"taxonomy":"category","embeddable":true,"href":"http:\/\/argentinamunicipal.com.ar\/argentina\/wp-json\/wp\/v2\/categories?post=152060"},{"taxonomy":"post_tag","embeddable":true,"href":"http:\/\/argentinamunicipal.com.ar\/argentina\/wp-json\/wp\/v2\/tags?post=152060"}],"curies":[{"name":"wp","href":"https:\/\/api.w.org\/{rel}","templated":true}]}}