{"id":152120,"date":"2024-12-02T06:13:17","date_gmt":"2024-12-02T09:13:17","guid":{"rendered":"http:\/\/argentinamunicipal.com.ar\/argentina\/?p=152120"},"modified":"2024-12-02T06:13:17","modified_gmt":"2024-12-02T09:13:17","slug":"santa-fe-es-la-provincia-con-menor-suba-de-recursos-nacionales-coparticipados","status":"publish","type":"post","link":"http:\/\/argentinamunicipal.com.ar\/argentina\/santa-fe-es-la-provincia-con-menor-suba-de-recursos-nacionales-coparticipados\/","title":{"rendered":"Santa Fe es la provincia con menor suba de recursos nacionales coparticipados"},"content":{"rendered":"<p>En el acumulado de los 11 meses del a\u00f1o, el gobierno central remiti\u00f3 al total de las jurisdicciones subnacionales, 10,7% menos de recursos a valores reales.<\/p>\n<p>En el mes de noviembre de 2024, el gobierno nacional envi\u00f3 al consolidado de provincias m\u00e1s CABA $4.236.000 millones en concepto de coparticipaci\u00f3n, leyes especiales y compensaciones, frente a $1.555.000 millones enviados durante igual per\u00edodo del a\u00f1o anterior. Santa Fe sum\u00f3 $367 mil millones en el per\u00edodo.<\/p>\n<p>Seg\u00fan los datos de la Direcci\u00f3n Nacional de Asuntos Provinciales del Ministerio de Econom\u00eda de la Naci\u00f3n, con la cifra de noviembre Santa Fe totaliza -en el acumulado de 10 meses- una percepci\u00f3n de $3,3 billones, lo que pone a la administraci\u00f3n de Pullaro como la que menos recibi\u00f3 de incremento en el per\u00edodo.<\/p>\n<p>\u00abAl considerar la evoluci\u00f3n individual en las jurisdicciones de los env\u00edos por transferencias autom\u00e1ticas, se observa que en todos los casos la variaci\u00f3n real fue positiva. Sin embargo, hubo una amplitud de 1,7 puntos porcentuales, entre Neuqu\u00e9n (2,9%) que fue la jurisdicci\u00f3n con mayor suba y Santa Fe (1,2%), la de menor\u00bb, dice un reporte del Instituto Argentino de An\u00e1lisis Fiscal.<\/p>\n<p>El centro de estudios que dirige el economista Nadin Arga\u00f1araz, expuso con referencia a las cifras de noviembre para el total de las jurisdicciones del pa\u00eds, que la cifra -descontando el proceso inflacionario del per\u00edodo- supone una suba real del 2% s\u00f3lo en el und\u00e9cimo mes del a\u00f1o. Pero en el acumulado de enero a noviembre la comparaci\u00f3n sigue siendo negativa en t\u00e9rminos interanuales.<\/p>\n<p>\u00abEn el acumulado a noviembre del a\u00f1o, las transferencias autom\u00e1ticas por coparticipaci\u00f3n, leyes complementarias y compensaciones alcanzaron los $37.887.000 millones, frente a $12.428.000 millones para igual periodo del a\u00f1o anterior. De este modo, exhibieron una variaci\u00f3n nominal del 205%, que se traducir\u00eda en una ca\u00edda real del 10,7% al descontar la inflaci\u00f3n del per\u00edodo\u00bb.<\/p>\n<p><strong>\u00bfPor qu\u00e9 subi\u00f3?<\/strong><br \/>\nAl analizar las razones de la suba de coparticipaci\u00f3n en noviembre, en el marco de un a\u00f1o de retrocesos generales, Iaraf explicit\u00f3 que \u00abesta suba de la coparticipaci\u00f3n neta de noviembre estar\u00eda explicada principalmente por el buen desempe\u00f1o de la recaudaci\u00f3n del impuesto a las ganancias (+7% real interanual) que compensa un mal desempe\u00f1o de la recaudaci\u00f3n de IVA (-4,1% real interanual).<\/p>\n<p>\u00abEn conjunto, la recaudaci\u00f3n de IVA e IIGG habr\u00eda registrado una suba real interanual del 0,2%. En el acumulado de los primeros 11 meses del a\u00f1o, la suma de estos tributos registrar\u00eda una variaci\u00f3n interanual real negativa del 10%\u00bb.<br \/>\nEn noviembre, por primera vez desde mayo, aument\u00f3 un 7% la recaudaci\u00f3n real interanual del impuesto a las ganancias. En lo que respecta a la recaudaci\u00f3n de IVA, se increment\u00f3 la ca\u00edda interanual mensual real, pasando de un -0,1% en octubre a -4,1%, aunque la baja fue menor en relaci\u00f3n a los 7 meses previos.<\/p>\n<p>\u00abComo resultado -sintetiza el informe- la recaudaci\u00f3n conjunta de IVA m\u00e1s Ganancias aument\u00f3 de manera interanual real por primera vez desde mayo. Resulta importante recordar que la sumatoria de estos dos impuestos representa aproximadamente el 94% de la masa coparticipable neta\u00bb.<\/p>\n<h6>Fuente: El Litoral<\/h6>\n","protected":false},"excerpt":{"rendered":"<p>En el acumulado de los 11 meses del a\u00f1o, el gobierno central remiti\u00f3 al total de las jurisdicciones subnacionales, 10,7% menos de recursos a valores reales.<\/p>\n","protected":false},"author":2,"featured_media":152121,"comment_status":"closed","ping_status":"closed","sticky":false,"template":"","format":"standard","meta":{"footnotes":""},"categories":[65],"tags":[10],"class_list":["post-152120","post","type-post","status-publish","format-standard","has-post-thumbnail","hentry","category-provincias","tag-santa-fe"],"_links":{"self":[{"href":"http:\/\/argentinamunicipal.com.ar\/argentina\/wp-json\/wp\/v2\/posts\/152120","targetHints":{"allow":["GET"]}}],"collection":[{"href":"http:\/\/argentinamunicipal.com.ar\/argentina\/wp-json\/wp\/v2\/posts"}],"about":[{"href":"http:\/\/argentinamunicipal.com.ar\/argentina\/wp-json\/wp\/v2\/types\/post"}],"author":[{"embeddable":true,"href":"http:\/\/argentinamunicipal.com.ar\/argentina\/wp-json\/wp\/v2\/users\/2"}],"replies":[{"embeddable":true,"href":"http:\/\/argentinamunicipal.com.ar\/argentina\/wp-json\/wp\/v2\/comments?post=152120"}],"version-history":[{"count":0,"href":"http:\/\/argentinamunicipal.com.ar\/argentina\/wp-json\/wp\/v2\/posts\/152120\/revisions"}],"wp:featuredmedia":[{"embeddable":true,"href":"http:\/\/argentinamunicipal.com.ar\/argentina\/wp-json\/wp\/v2\/media\/152121"}],"wp:attachment":[{"href":"http:\/\/argentinamunicipal.com.ar\/argentina\/wp-json\/wp\/v2\/media?parent=152120"}],"wp:term":[{"taxonomy":"category","embeddable":true,"href":"http:\/\/argentinamunicipal.com.ar\/argentina\/wp-json\/wp\/v2\/categories?post=152120"},{"taxonomy":"post_tag","embeddable":true,"href":"http:\/\/argentinamunicipal.com.ar\/argentina\/wp-json\/wp\/v2\/tags?post=152120"}],"curies":[{"name":"wp","href":"https:\/\/api.w.org\/{rel}","templated":true}]}}