{"id":152151,"date":"2024-12-03T05:45:08","date_gmt":"2024-12-03T08:45:08","guid":{"rendered":"http:\/\/argentinamunicipal.com.ar\/argentina\/?p=152151"},"modified":"2024-12-02T20:12:28","modified_gmt":"2024-12-02T23:12:28","slug":"el-gobierno-de-mendoza-palpita-el-encuentro-donde-discutira-la-coparticipacion-con-los-18-intendentes","status":"publish","type":"post","link":"http:\/\/argentinamunicipal.com.ar\/argentina\/el-gobierno-de-mendoza-palpita-el-encuentro-donde-discutira-la-coparticipacion-con-los-18-intendentes\/","title":{"rendered":"El Gobierno de Mendoza palpita el encuentro donde discutir\u00e1 la coparticipaci\u00f3n con los 18 intendentes"},"content":{"rendered":"<p>El ministro de Hacienda y Finanzas, V\u00edctor Fayad, habl\u00f3 del encuentro que congregar\u00e1 a los 18 intendentes mendocinos.<\/p>\n<p>D\u00edas atr\u00e1s se dio a conocer que el Gobierno de Mendoza convoc\u00f3 a los 18 municipios de la provincia para analizar la situaci\u00f3n de la actual Ley de Coparticipaci\u00f3n; definiciones sobre el alumbrado p\u00fablico; la actualizaci\u00f3n de mapas y bases catastrales en funci\u00f3n de los vuelos y relevamientos 2024; el tratamiento ampliado sobre la Obra Social Empleados P\u00fablicos (OSEP) y el an\u00e1lisis de un c\u00f3digo de edificaci\u00f3n unificado.<\/p>\n<p>El c\u00f3nclave ser\u00e1 el pr\u00f3ximo jueves 5 de diciembre y se realizar\u00e1 el Congreso Municipal en Tupungato. Reunir\u00e1 a representantes de los 18 gobiernos comunales para discutir una serie de temas en com\u00fan, entre los cuales se destaca principalmente el reparto de la coparticipaci\u00f3n.<\/p>\n<p>Sin lugar a dudas, el debate m\u00e1s urticante ser\u00e1 el de la coparticipaci\u00f3n, ya que se trata de un tema que gener\u00f3 una importante controversia a comienzos del a\u00f1o por las modificaciones en el reparto de los recursos, producto del de los datos del Censo 2022 y a ra\u00edz de la reforma en el Coeficiente de Desarrollo Municipal que impuls\u00f3 el oficialismo en la Legislatura.<\/p>\n<p>El ministro de Hacienda y Finanzas de Mendoza,\u00a0V\u00edctor Fayad, se refiri\u00f3 a la convocatoria y dijo en la previa: \u00abLas tem\u00e1ticas son muy amplias. Nosotros pretendemos que, una vez m\u00e1s, las discusiones nos lleven a mejores soluciones. En este caso hay cinco puntos en el orden del d\u00eda:\u00a0la coparticipaci\u00f3n, el alumbrado p\u00fablico, la obra social y muchos otros temas que creemos que\u00a0hacen a la a la mejora de gesti\u00f3n de los municipios\u00bb.<\/p>\n<p>\u00abNosotros vamos a hacer una presentaci\u00f3n en la que vamos a describir cu\u00e1l es el r\u00e9gimen actual de coparticipaci\u00f3n de la provincia, c\u00f3mo funcionan otras provincias y cu\u00e1les son las mejores pr\u00e1cticas para as\u00ed el d\u00eda de ma\u00f1ana poder entre todos lograr un mejor sistema de coparticipaci\u00f3n y un mejor sistema de relaci\u00f3n fiscal entre las provincias y los municipios\u00bb, sum\u00f3 tras participar de la Cumbre Minera.<\/p>\n<p>M\u00e1s all\u00e1 de las palabras del ministro y la expectativa del Gobierno, algunos municipios ya adelantaron los planteos que realizar\u00e1n. Por ejemplo, a pocos d\u00edas de esa cumbre, el peronismo present\u00f3 un proyecto en el que pide establecer un nuevo sistema de coparticipaci\u00f3n. Por su parte, el intendente de Ciudad, Ulpiano Suarez, tambi\u00e9n hab\u00eda presentado su propuesta de esquema.<\/p>\n<p>Respecto de la idea que llevar\u00e1 al encuentro, Suarez -intendente de la Ciudad- indic\u00f3: \u201cPlanteamos contemplar un criterio objetivo poblacional, tambi\u00e9n el criterio de a qui\u00e9nes prestamos servicios, c\u00f3mo administramos, la relaci\u00f3n planta de personal versus poblaci\u00f3n beneficiaria de los servicios municipales, y otros criterios que hacen a la eficiencia\u201d.<\/p>\n<p>Advirti\u00f3 que intentar\u00e1 que el nuevo r\u00e9gimen de coparticipaci\u00f3n permita un desarrollo arm\u00f3nico de las distintas comunas a partir de un sistema gradual. \u201cUno de los reclamos tambi\u00e9n es que se contemple cu\u00e1nto producimos. La Ciudad de Mendoza es muy chiquita en su extensi\u00f3n, pero aporta casi un 19 o 20%\u00a0del producto bruto de toda la provincia. No tenemos cobre, no tenemos hierro, no tenemos Vaca Muerta, no tenemos vi\u00f1edos, pero con los motores de la actividad econ\u00f3mica, como son el comercio, los servicios, la econom\u00eda del conocimiento, el turismo, la gastronom\u00eda y la construcci\u00f3n, aportamos un quinto del producto bruto y recibimos un tercio de lo que aportamos\u201d, subray\u00f3 el capitalino.<\/p>\n<p>En lo que respecta al peronismo,\u00a0la legisladora Mercedes Derrache present\u00f3 un\u00a0proyecto en la\u00a0Casa de las Leyes. \u00abAl ya de por s\u00ed engorroso sistema de reparto de recursos nacionales en su dimensi\u00f3n t\u00e9cnica; hay que sumarle la necesidad de consensos pol\u00edticos por dem\u00e1s complejos para alcanzar soluciones de largo plazo que contenten a todos los actores involucrados\u00bb, reza el escrito en uno de sus tramos.<\/p>\n<p>Y a\u00f1ade: \u00abEst\u00e1 claro que, en tanto y en cuanto no se ordene el sistema de coparticipaci\u00f3n federal en base a criterios objetivos y subjetivos de reparto que est\u00e9n por encima de las vicisitudes pol\u00edticas circunstanciales, la Argentina seguir\u00e1 estando en falta como Naci\u00f3n con las Provincias que la componen y dan origen, con lo cual el federalismo fiscal seguir\u00e1 siendo un anhelo, en el sentido m\u00e1s acabado del t\u00e9rmino, y no una realidad\u00bb.<\/p>\n<h6>Fuente: MDZ<\/h6>\n","protected":false},"excerpt":{"rendered":"<p>El ministro de Hacienda y Finanzas, V\u00edctor Fayad, habl\u00f3 del encuentro que congregar\u00e1 a los 18 intendentes mendocinos.<\/p>\n","protected":false},"author":2,"featured_media":152152,"comment_status":"closed","ping_status":"closed","sticky":false,"template":"","format":"standard","meta":{"footnotes":""},"categories":[4],"tags":[31],"class_list":["post-152151","post","type-post","status-publish","format-standard","has-post-thumbnail","hentry","category-informe-politico","tag-mendoza"],"_links":{"self":[{"href":"http:\/\/argentinamunicipal.com.ar\/argentina\/wp-json\/wp\/v2\/posts\/152151","targetHints":{"allow":["GET"]}}],"collection":[{"href":"http:\/\/argentinamunicipal.com.ar\/argentina\/wp-json\/wp\/v2\/posts"}],"about":[{"href":"http:\/\/argentinamunicipal.com.ar\/argentina\/wp-json\/wp\/v2\/types\/post"}],"author":[{"embeddable":true,"href":"http:\/\/argentinamunicipal.com.ar\/argentina\/wp-json\/wp\/v2\/users\/2"}],"replies":[{"embeddable":true,"href":"http:\/\/argentinamunicipal.com.ar\/argentina\/wp-json\/wp\/v2\/comments?post=152151"}],"version-history":[{"count":0,"href":"http:\/\/argentinamunicipal.com.ar\/argentina\/wp-json\/wp\/v2\/posts\/152151\/revisions"}],"wp:featuredmedia":[{"embeddable":true,"href":"http:\/\/argentinamunicipal.com.ar\/argentina\/wp-json\/wp\/v2\/media\/152152"}],"wp:attachment":[{"href":"http:\/\/argentinamunicipal.com.ar\/argentina\/wp-json\/wp\/v2\/media?parent=152151"}],"wp:term":[{"taxonomy":"category","embeddable":true,"href":"http:\/\/argentinamunicipal.com.ar\/argentina\/wp-json\/wp\/v2\/categories?post=152151"},{"taxonomy":"post_tag","embeddable":true,"href":"http:\/\/argentinamunicipal.com.ar\/argentina\/wp-json\/wp\/v2\/tags?post=152151"}],"curies":[{"name":"wp","href":"https:\/\/api.w.org\/{rel}","templated":true}]}}