{"id":152254,"date":"2024-12-05T06:18:01","date_gmt":"2024-12-05T09:18:01","guid":{"rendered":"http:\/\/argentinamunicipal.com.ar\/argentina\/?p=152254"},"modified":"2024-12-05T06:18:01","modified_gmt":"2024-12-05T09:18:01","slug":"tilcara-festival-del-nino-rural-el-latir-de-los-valles","status":"publish","type":"post","link":"http:\/\/argentinamunicipal.com.ar\/argentina\/tilcara-festival-del-nino-rural-el-latir-de-los-valles\/","title":{"rendered":"Tilcara: Festival del ni\u00f1o rural \u201cEl latir de los Valles\u201d"},"content":{"rendered":"<p>El municipio tilcare\u00f1o ampl\u00eda los horizontes educativos y culturales.<\/p>\n<p>La intendente de Tilcara Sonia P\u00e9rez, reedit\u00f3 el pasado mi\u00e9rcoles el Encuentro y festival del ni\u00f1o rural denomin\u00e1ndolo \u00abEl latir de los Valles\u00bb, y de esa manera les devolvi\u00f3 a los escolares primarios de la regi\u00f3n, la posibilidad de manifestarse art\u00edsticamente a trav\u00e9s de sus costumbres y tradiciones.<\/p>\n<p>Alrededor de 70 estudiantes bajaron de los cerros (muchos de ellos por primera vez) junto a sus maestros y algunos padres, permaneciendo en el pueblo donde cumplieron diversas actividades como tambi\u00e9n efectuaron una visita inolvidable a la capital juje\u00f1a, adem\u00e1s de viajar en el Tren Solar de la Quebrada.<\/p>\n<p>Los participantes representaron a la escuela N\u00b0 133 \u00abJuan Domingo per\u00f3n\u00bb (Alonso); N\u00b0 76 \u00abSoldados de mi patria\u00bb (Molulo); N\u00b0 358 \u00abRosario Vera Pe\u00f1aloza\u00bb (Abramayo); N\u00b0 196 \u00abBaldomero Fern\u00e1ndez Moreno\u00bb (Loma Larga) y N\u00b0 89 \u00abSalvador de Benedetti\u00bb (Yala de Monte Carmelo).<\/p>\n<p>El lunes viajaron a San Salvador de Jujuy donde visitaron la Casa de Gobierno, el Cabildo Hist\u00f3rico de Jujuy y otros atractivos de esa ciudad, adem\u00e1s de vivir la experiencia del Tren Solar de la Quebrada.<\/p>\n<p>El martes durante la ma\u00f1ana en Tilcara visitaron sus museos y el Pucar\u00e1; y en la tarde fueron protagonistas en una muestra educativa y en el festival en el Sal\u00f3n municipal, al cual asisti\u00f3 gran cantidad de vecinos para ver sus puestas art\u00edsticas.<\/p>\n<p>Asistidos por sus maestros y directivos de las escuelas, sobre el escenario bailaron danzas tradicionales, ejecutaron instrumentos aut\u00f3ctonos, representaron leyendas de los Valles y las festividades populares, cantaron coplas, recitaron poemas y otras expresiones que son parte de su identidad cultural en la regi\u00f3n.<\/p>\n<p>Desde el domingo pasado hasta ayer, P\u00e9rez alberg\u00f3 y atendi\u00f3 a las delegaciones escolares que se prepararon con varias semanas de anticipaci\u00f3n para ser protagonistas en la reedici\u00f3n del festival popular.<\/p>\n<p>\u00abTodos los del nivel primario de gesti\u00f3n estatal salieron de sus escuelas y sus comunidades para ampliar sus horizontes educativos, culturales y recreativos a trav\u00e9s de su participaci\u00f3n en el festival y conociendo otros lugares concretando a la vez, un intercambio cultural\u00bb, se\u00f1al\u00f3 la intendente.<\/p>\n<p>De este modo \u00abprocuramos la promoci\u00f3n cultural en el contexto escolar generando acciones a trav\u00e9s de las cuales puedan vivir experiencias directas de aprendizaje y socializaci\u00f3n\u00bb, apunt\u00f3.<\/p>\n<h6>Fuente: El Tribuno<\/h6>\n","protected":false},"excerpt":{"rendered":"<p>Alrededor de 70 estudiantes bajaron de los cerros (muchos de ellos por primera vez) junto a sus maestros y algunos padres, permaneciendo en el pueblo donde cumplieron diversas actividades<\/p>\n","protected":false},"author":2,"featured_media":152255,"comment_status":"closed","ping_status":"closed","sticky":false,"template":"","format":"standard","meta":{"footnotes":""},"categories":[2],"tags":[25],"class_list":["post-152254","post","type-post","status-publish","format-standard","has-post-thumbnail","hentry","category-informe-municipal","tag-jujuy"],"_links":{"self":[{"href":"http:\/\/argentinamunicipal.com.ar\/argentina\/wp-json\/wp\/v2\/posts\/152254","targetHints":{"allow":["GET"]}}],"collection":[{"href":"http:\/\/argentinamunicipal.com.ar\/argentina\/wp-json\/wp\/v2\/posts"}],"about":[{"href":"http:\/\/argentinamunicipal.com.ar\/argentina\/wp-json\/wp\/v2\/types\/post"}],"author":[{"embeddable":true,"href":"http:\/\/argentinamunicipal.com.ar\/argentina\/wp-json\/wp\/v2\/users\/2"}],"replies":[{"embeddable":true,"href":"http:\/\/argentinamunicipal.com.ar\/argentina\/wp-json\/wp\/v2\/comments?post=152254"}],"version-history":[{"count":0,"href":"http:\/\/argentinamunicipal.com.ar\/argentina\/wp-json\/wp\/v2\/posts\/152254\/revisions"}],"wp:featuredmedia":[{"embeddable":true,"href":"http:\/\/argentinamunicipal.com.ar\/argentina\/wp-json\/wp\/v2\/media\/152255"}],"wp:attachment":[{"href":"http:\/\/argentinamunicipal.com.ar\/argentina\/wp-json\/wp\/v2\/media?parent=152254"}],"wp:term":[{"taxonomy":"category","embeddable":true,"href":"http:\/\/argentinamunicipal.com.ar\/argentina\/wp-json\/wp\/v2\/categories?post=152254"},{"taxonomy":"post_tag","embeddable":true,"href":"http:\/\/argentinamunicipal.com.ar\/argentina\/wp-json\/wp\/v2\/tags?post=152254"}],"curies":[{"name":"wp","href":"https:\/\/api.w.org\/{rel}","templated":true}]}}