{"id":15229,"date":"2014-09-25T08:16:44","date_gmt":"2014-09-25T11:16:44","guid":{"rendered":"http:\/\/argentinamunicipal.com.ar\/argentina\/?p=15229"},"modified":"2014-09-25T09:19:13","modified_gmt":"2014-09-25T12:19:13","slug":"amplian-la-construccion-de-la-escuela-de-oficios-de-alto-verde","status":"publish","type":"post","link":"http:\/\/argentinamunicipal.com.ar\/argentina\/amplian-la-construccion-de-la-escuela-de-oficios-de-alto-verde\/","title":{"rendered":"Ampl\u00edan la construcci\u00f3n de la escuela de oficios de Alto Verde"},"content":{"rendered":"<p><a href=\"http:\/\/argentinamunicipal.com.ar\/argentina\/wp-content\/uploads\/2014\/09\/12_A_3A_fmt.jpeg\"><img loading=\"lazy\" decoding=\"async\" class=\"alignleft size-full wp-image-15230\" src=\"http:\/\/argentinamunicipal.com.ar\/argentina\/wp-content\/uploads\/2014\/09\/12_A_3A_fmt.jpeg\" alt=\"12_A_3A_fmt\" width=\"424\" height=\"305\" srcset=\"http:\/\/argentinamunicipal.com.ar\/argentina\/wp-content\/uploads\/2014\/09\/12_A_3A_fmt.jpeg 424w, http:\/\/argentinamunicipal.com.ar\/argentina\/wp-content\/uploads\/2014\/09\/12_A_3A_fmt-300x215.jpeg 300w\" sizes=\"auto, (max-width: 424px) 100vw, 424px\" \/><\/a>Tendr\u00e1 510 metros cuadrados cubiertos, se llamar\u00e1 Papa Francisco y ser\u00e1 un aula radial del Colegio Inmaculada. Con aval del Ministerio de Educaci\u00f3n, brindar\u00e1 tres carreras: Electricidad, Alba\u00f1iler\u00eda y Ayudante de cocina, desde 2015.<\/p>\n<p>La escuela de oficios que el Proyecto Uno por Uno, Uno m\u00e1s Uno construir\u00e1 en Alto Verde ya est\u00e1 creciendo, aun antes de nacer. No s\u00f3lo se ampli\u00f3 el proyecto constructivo de 320 a 510 metros cuadrados cubiertos, tambi\u00e9n formaliz\u00f3 su iniciativa de brindar capacitaci\u00f3n en oficios con una propuesta curricular que ya es avalada por el Ministerio de Educaci\u00f3n de la provincia.<\/p>\n<p>\u201cEn un principio pensamos en un solo lugar donde desarrollar distintas actividades, y hoy decidimos construir una escuela formal: la Escuela de Oficios Papa Francisco\u201d, cont\u00f3 Alicia Hel\u00fa, quien preside la Fundaci\u00f3n San Roque Gonz\u00e1lez, hoy Manos Abiertas Santa Fe. El grupo es el que lleva adelante el Proyecto Uno por Uno, Uno m\u00e1s Uno y nuclea a la decena de colaboradores que trabajan para erigir la escuela.<\/p>\n<p>En detalle, lo que se construir\u00e1 en la Manzana 6 de Alto Verde ser\u00e1 un aula radial del Colegio Inmaculada, una especie de anexo del colegio. All\u00ed se dictar\u00e1n tres carreras: Electricidad, Alba\u00f1iler\u00eda y Ayudante de cocina, que estar\u00e1n destinadas a j\u00f3venes mayores de 18 a\u00f1os. El ministerio ya brind\u00f3 su aval: este mes aprob\u00f3 su creaci\u00f3n mediante la disposici\u00f3n N\u00ba 0347\/2014. \u201cEsto significa que al terminar su formaci\u00f3n cada estudiante contar\u00e1 con el correspondiente certificado que acredita sus conocimientos\u201d, explic\u00f3 Hel\u00fa. La reformulaci\u00f3n de la idea tambi\u00e9n implic\u00f3 transformar los espacios.<\/p>\n<h3>Proyecto constructivo<\/h3>\n<p>La escuela es el objetivo que se propuso el Proyecto Uno por Uno, Uno m\u00e1s Uno para este a\u00f1o y el pr\u00f3ximo, y a ella destina todos los ingresos y donaciones. Los trabajos en el lugar comenzaron este mes con la remoci\u00f3n de los alambrados perimetrales, y continuar\u00e1n las pr\u00f3ximas semanas con la elevaci\u00f3n del terreno hacia una cota segura, que se har\u00e1 con tierra aportada por la Municipalidad de Santa Fe. Una vez finalizada esta etapa se comenzar\u00e1 con el armado de la estructura met\u00e1lica y el hormigonado.<\/p>\n<p>El dise\u00f1o, proyecto y ejecuci\u00f3n est\u00e1n bajo la direcci\u00f3n de los arquitectos Hugo Biancari y Daniel Puccinelli, junto a un equipo de j\u00f3venes arquitectos y estudiantes avanzados de la carrera de Arquitectura de la UNL: Hugo G\u00f3mez, Luciano Giraudi y Katia Tourn.<\/p>\n<p>El nuevo proyecto contempla la construcci\u00f3n de 3 aulas, la remodelaci\u00f3n del SUM existente, la construcci\u00f3n de una cocina industrial para la carrera que lo requiere y otros sectores ideados para desarrollar futuros oficios. Por sus caracter\u00edsticas, las aulas ser\u00e1n formadas por paneles m\u00f3viles que permitir\u00e1n transformarlas en 8, m\u00e1s peque\u00f1as, cuando las circunstancias lo requieran. Contar\u00e1 tambi\u00e9n con sus correspondientes bater\u00edas de ba\u00f1os para ambos sexos y un tercero con instalaciones para discapacitados.<\/p>\n<p>El monto total de la obra prevista es de unos $ 3.000.000, que se solventar\u00e1n con fondos recaudados en eventos y donaciones de particulares y empresas que quieran sumarse a este objetivo. Desde all\u00ed, su presidenta explic\u00f3 que esperan terminarla este a\u00f1o, para comenzar el a\u00f1o lectivo 2015. Los tiempos est\u00e1n condicionados por el presupuesto, ya que la entidad hoy s\u00f3lo cuenta con fondos para hacer frente al 30% de la obra.<\/p>\n<h3>Comenzar\u00e1 en 2015<\/h3>\n<p>A\u00fan en ciernes, la Escuela Papa Francisco ya tiene designado a su director. Ser\u00e1 Wilson Stegmayer, quien ya conoce al barrio: cada semana, dicta en la parroquia Jes\u00fas Resucitado de Alto Verde los cursos de computaci\u00f3n gratuitos para adultos de la Fundaci\u00f3n Educando.<\/p>\n<p>El cuerpo docente ser\u00e1n profesionales de cada \u00e1rea que llegar\u00e1n a la Escuela Papa Francisco mediante un convenio con la Universidad Tecnol\u00f3gica Nacional Regional Santa Fe. Las carreras ser\u00e1n destinadas a mayores de 18 a\u00f1os y cada curso tendr\u00e1 un cupo m\u00e1ximo de 15 alumnos.<\/p>\n<p>\u201cEl ciclo 2015 se comienza, hayamos terminado o no el edificio\u201d, anticip\u00f3 Hel\u00fa. Si no llegan con la construcci\u00f3n, los primeros d\u00edas de clases ser\u00e1n en el SUM de la capilla, que cuenta con 80 metros cuadrados, y dos salas adicionales con dimensiones similares.<\/p>\n<p>Como parte de la disposici\u00f3n ministerial, la Escuela Papa Francisco tomar\u00e1 inscripciones en noviembre pr\u00f3ximo. Y suma otro avance: el Proyecto Uno por Uno, Uno m\u00e1s Uno ya consigui\u00f3 pasant\u00edas en empresas constructoras de la ciudad como primer paso para lograr la inserci\u00f3n laboral de quienes se capaciten.<br \/>\nEl dato<\/p>\n<h3>Manos Abiertas Santa Fe<\/h3>\n<p>El proyecto Uno x Uno, Uno + Uno es la sede Santa Fe de Manos Abiertas. Se trata de una organizaci\u00f3n de inspiraci\u00f3n cristiana que trabaja sobre los modelos de la Madre Teresa de Calcuta, San Ignacio de Loyola y de San Alberto Hurtado. A trav\u00e9s del trabajo voluntario tiene como misi\u00f3n servir, promover y dignificar a quienes m\u00e1s lo necesitan. En estos momentos sus obras (39 obras en total) se realizan en 9 provincias: Buenos Aires, Chaco, C\u00f3rdoba, Entre R\u00edos, Jujuy, Mar del Plata, Salta, San Juan y Santa Fe. Tiene como asesor espiritual al padre \u00c1ngel Rossi SJ.<\/p>\n<h6>Fuente: El Litoral, Santa Fe<\/h6>\n","protected":false},"excerpt":{"rendered":"<p>Tendr\u00e1 510 metros cuadrados cubiertos, se llamar\u00e1 Papa Francisco y ser\u00e1 un aula radial del Colegio Inmaculada. Con aval del Ministerio de Educaci\u00f3n, brindar\u00e1 tres carreras: Electricidad, Alba\u00f1iler\u00eda y Ayudante de cocina, desde 2015. La escuela de oficios que el Proyecto Uno por Uno, Uno m\u00e1s Uno construir\u00e1 en Alto Verde ya est\u00e1 creciendo, aun<\/p>\n","protected":false},"author":2,"featured_media":15230,"comment_status":"closed","ping_status":"closed","sticky":false,"template":"","format":"standard","meta":{"footnotes":""},"categories":[2],"tags":[10],"class_list":["post-15229","post","type-post","status-publish","format-standard","has-post-thumbnail","hentry","category-informe-municipal","tag-santa-fe"],"_links":{"self":[{"href":"http:\/\/argentinamunicipal.com.ar\/argentina\/wp-json\/wp\/v2\/posts\/15229","targetHints":{"allow":["GET"]}}],"collection":[{"href":"http:\/\/argentinamunicipal.com.ar\/argentina\/wp-json\/wp\/v2\/posts"}],"about":[{"href":"http:\/\/argentinamunicipal.com.ar\/argentina\/wp-json\/wp\/v2\/types\/post"}],"author":[{"embeddable":true,"href":"http:\/\/argentinamunicipal.com.ar\/argentina\/wp-json\/wp\/v2\/users\/2"}],"replies":[{"embeddable":true,"href":"http:\/\/argentinamunicipal.com.ar\/argentina\/wp-json\/wp\/v2\/comments?post=15229"}],"version-history":[{"count":0,"href":"http:\/\/argentinamunicipal.com.ar\/argentina\/wp-json\/wp\/v2\/posts\/15229\/revisions"}],"wp:featuredmedia":[{"embeddable":true,"href":"http:\/\/argentinamunicipal.com.ar\/argentina\/wp-json\/wp\/v2\/media\/15230"}],"wp:attachment":[{"href":"http:\/\/argentinamunicipal.com.ar\/argentina\/wp-json\/wp\/v2\/media?parent=15229"}],"wp:term":[{"taxonomy":"category","embeddable":true,"href":"http:\/\/argentinamunicipal.com.ar\/argentina\/wp-json\/wp\/v2\/categories?post=15229"},{"taxonomy":"post_tag","embeddable":true,"href":"http:\/\/argentinamunicipal.com.ar\/argentina\/wp-json\/wp\/v2\/tags?post=15229"}],"curies":[{"name":"wp","href":"https:\/\/api.w.org\/{rel}","templated":true}]}}