{"id":152299,"date":"2024-12-09T05:31:51","date_gmt":"2024-12-09T08:31:51","guid":{"rendered":"http:\/\/argentinamunicipal.com.ar\/argentina\/?p=152299"},"modified":"2024-12-06T06:35:47","modified_gmt":"2024-12-06T09:35:47","slug":"coparticipacion-mendocina-solo-12-intendentes-acudieron-al-congreso-municipal-y-6-faltaron-o-se-excusaron","status":"publish","type":"post","link":"http:\/\/argentinamunicipal.com.ar\/argentina\/coparticipacion-mendocina-solo-12-intendentes-acudieron-al-congreso-municipal-y-6-faltaron-o-se-excusaron\/","title":{"rendered":"Coparticipaci\u00f3n mendocina: s\u00f3lo 12 intendentes acudieron al congreso municipal y 6 faltaron o se excusaron"},"content":{"rendered":"<p>De los 18 intendentes, 12 dieron el presente en el Congreso Municipal de Tupungato. Debatieron sobre los criterios de reparto de coparticipaci\u00f3n y c\u00f3mo funciona la OSEP<\/p>\n<p>De los 18 intendentes mendocinos, s\u00f3lo 12 dieron el presente este jueves en el Congreso Municipal\u00a0al que los convoc\u00f3 el Ejecutivo en Tupungato. All\u00ed cada uno marc\u00f3 la cancha sobre\u00a0c\u00f3mo creen que se deben repartir los fondos de coparticipaci\u00f3n, -una ley que data de 1996- y el ministro de Gobierno, Natalio Mema, fue el vocero de la mirada que tiene Cornejo sobre esa distribuci\u00f3n.<br \/>\nLa cita era a las 9 en el hotel de Turismo de Tupungato y hasta all\u00ed llegaron dos tercios de los jefes comunales.<\/p>\n<p>Los que dieron el presente fueron los peronistas\u00a0Emir Andraos\u00a0(Tunuy\u00e1n), Matias Stevanato\u00a0(Maip\u00fa), Edgardo Gonz\u00e1lez\u00a0(Lavalle), Fernando Ubieta\u00a0(La Paz)\u00a0y Celso Jaque\u00a0(Malarg\u00fce). A ellos se sumaron los oficialistas\u00a0Francisco Lo Presti\u00a0(Las Heras), Diego Costarelli\u00a0(Godoy Cruz), Ulpiano Suarez\u00a0(Capital), Gustavo Aguilera\u00a0(Tupungato), Alejandro Molero\u00a0(General Alvear)\u00a0y Marcos Calvente\u00a0(Guaymall\u00e9n) y desde La Uni\u00f3n Mendocina, s\u00f3lo acudi\u00f3 el sancarlino\u00a0Alejandro Morillas.<\/p>\n<p>En tanto, enviaron emisarios la peronista Flor Dest\u00e9fanis (Santa Rosa) y el sanrafaelino Omar F\u00e9lix, que est\u00e1 de viaje en Rusia y mand\u00f3 a su presidente del Concejo Deliberante, Samuel Barcudi. La jefa comunal santarrosina se excus\u00f3 de no acudir porque justo el congreso coincid\u00eda con una fecha clave para su comuna: el inicio de la primera cosecha indoor de cannabis medicinal.<\/p>\n<p>En lugar de la intendenta, expuso la senadora peronista Mercedes Derrache, autora de un proyecto de reforma de la Ley de Coparticipaci\u00f3n que ingres\u00f3 en la Legislatura, y que entre otros cambios propone elevar el porcentaje de lo que se reparte, del 18,8% actual al 21%.<\/p>\n<p>Llam\u00f3 la atenci\u00f3n de varios que\u00a0no llegara hasta el congreso el intendente de Jun\u00edn, y ex vicegobernador, Mario Abed, quien hasta el s\u00e1bado tampoco hab\u00eda contestado la encuesta que envi\u00f3 el Ministerio de Hacienda para conocer previamente la postura de los intendentes sobre lo que modificar\u00edan de la Ley de Coparticipaci\u00f3n.<\/p>\n<p>Del Este\u00a0tambi\u00e9n se ausent\u00f3 el sanmartiniano Ra\u00fal Rufeil,\u00a0quien envi\u00f3 a Mauricio Petri -hermano del ministro de Defensa de la Naci\u00f3n-\u00a0y el rivadaviense d\u00edscolo, Ricardo Mansur, ex radical que ahora lidera el partido municipal Sembrar.<\/p>\n<p>Tampoco acudi\u00f3 el jefe comunal de Luj\u00e1n, Esteban Allasino, que previamente hab\u00eda advertido que a su entender ese congreso no ten\u00eda sentido, porque m\u00e1s all\u00e1 del debate que se pudiera generar entre los intendentes, esa postura no era vinculante para las decisiones que pudiera tomar el Ejecutivo, sobre si modifica o no la Ley de Coparticipaci\u00f3n.<\/p>\n<p><strong>\u00abLas posturas de los distintos frentes pol\u00edticos enriqueci\u00f3 el debate\u00bb<\/strong><br \/>\nPese a los faltazos, el ministro de Gobierno, Natalio Mema puso la lupa en c\u00f3mo los jefes comunales de los distintos colores pol\u00edticos sumaron al debate sobre c\u00f3mo y con qu\u00e9 criterios se deber\u00eda repartir la coparticipaci\u00f3n.<\/p>\n<p>\u00abLas posturas de los distintos frentes enriqueci\u00f3 el debate y varios coincid\u00edan en que el s\u00f3lo hecho de poder discutir c\u00f3mo se reparten los fondos es una muestra de institucionalidad que destaca a Mendoza. Jaque por ejemplo record\u00f3 que fue intendente en 1988, otra vez en 1996 y gobernador en el 2006 y destac\u00f3 que se hubieran reunido 12 intendentes para dar la discusi\u00f3n\u00bb, cont\u00f3.<\/p>\n<p>Con la colaboraci\u00f3n del ministro de Hacienda,\u00a0V\u00edctor Fayad,\u00a0el Gobierno se encarg\u00f3 de mostrar que Mendoza est\u00e1 entre las 4 provincias que m\u00e1s porcentaje coparticipa a las comunas de lo que recauda, y mostr\u00f3 que la ley anterior priorizaba entre otros criterios de reparto la eficiencia en el gasto de las comunas.<\/p>\n<p>De hecho, con esa idea coincidieron en su momento, tanto el capitalino Ulpiano Suarez, como su par de Guaymall\u00e9n, Marcos Calvente y tambi\u00e9n el lujanino Esteban Allasino.<\/p>\n<p>Los ministros tambi\u00e9n pusieron sobre la mesa que adem\u00e1s de coparticipar lo que se recauda en impuestos provinciales, el Ejecutivo tambi\u00e9n les reparte lo que recibe de Financiamiento Educativo.<\/p>\n<h6>Fuente: Uno<\/h6>\n","protected":false},"excerpt":{"rendered":"<p>De los 18 intendentes, 12 dieron el presente en el Congreso Municipal de Tupungato. Debatieron sobre los criterios de reparto de coparticipaci\u00f3n y c\u00f3mo funciona la OSEP<\/p>\n","protected":false},"author":2,"featured_media":152300,"comment_status":"closed","ping_status":"closed","sticky":false,"template":"","format":"standard","meta":{"footnotes":""},"categories":[4],"tags":[31],"class_list":["post-152299","post","type-post","status-publish","format-standard","has-post-thumbnail","hentry","category-informe-politico","tag-mendoza"],"_links":{"self":[{"href":"http:\/\/argentinamunicipal.com.ar\/argentina\/wp-json\/wp\/v2\/posts\/152299","targetHints":{"allow":["GET"]}}],"collection":[{"href":"http:\/\/argentinamunicipal.com.ar\/argentina\/wp-json\/wp\/v2\/posts"}],"about":[{"href":"http:\/\/argentinamunicipal.com.ar\/argentina\/wp-json\/wp\/v2\/types\/post"}],"author":[{"embeddable":true,"href":"http:\/\/argentinamunicipal.com.ar\/argentina\/wp-json\/wp\/v2\/users\/2"}],"replies":[{"embeddable":true,"href":"http:\/\/argentinamunicipal.com.ar\/argentina\/wp-json\/wp\/v2\/comments?post=152299"}],"version-history":[{"count":0,"href":"http:\/\/argentinamunicipal.com.ar\/argentina\/wp-json\/wp\/v2\/posts\/152299\/revisions"}],"wp:featuredmedia":[{"embeddable":true,"href":"http:\/\/argentinamunicipal.com.ar\/argentina\/wp-json\/wp\/v2\/media\/152300"}],"wp:attachment":[{"href":"http:\/\/argentinamunicipal.com.ar\/argentina\/wp-json\/wp\/v2\/media?parent=152299"}],"wp:term":[{"taxonomy":"category","embeddable":true,"href":"http:\/\/argentinamunicipal.com.ar\/argentina\/wp-json\/wp\/v2\/categories?post=152299"},{"taxonomy":"post_tag","embeddable":true,"href":"http:\/\/argentinamunicipal.com.ar\/argentina\/wp-json\/wp\/v2\/tags?post=152299"}],"curies":[{"name":"wp","href":"https:\/\/api.w.org\/{rel}","templated":true}]}}