{"id":15232,"date":"2014-09-25T09:23:25","date_gmt":"2014-09-25T12:23:25","guid":{"rendered":"http:\/\/argentinamunicipal.com.ar\/argentina\/?p=15232"},"modified":"2014-09-25T09:23:25","modified_gmt":"2014-09-25T12:23:25","slug":"santa-fe-red-de-ciudades","status":"publish","type":"post","link":"http:\/\/argentinamunicipal.com.ar\/argentina\/santa-fe-red-de-ciudades\/","title":{"rendered":"Santa Fe Red de Ciudades"},"content":{"rendered":"<p><a href=\"http:\/\/argentinamunicipal.com.ar\/argentina\/wp-content\/uploads\/2014\/09\/99199_provinciales.jpg\"><img loading=\"lazy\" decoding=\"async\" class=\"alignleft size-full wp-image-15233\" src=\"http:\/\/argentinamunicipal.com.ar\/argentina\/wp-content\/uploads\/2014\/09\/99199_provinciales.jpg\" alt=\"99199_provinciales\" width=\"544\" height=\"293\" srcset=\"http:\/\/argentinamunicipal.com.ar\/argentina\/wp-content\/uploads\/2014\/09\/99199_provinciales.jpg 544w, http:\/\/argentinamunicipal.com.ar\/argentina\/wp-content\/uploads\/2014\/09\/99199_provinciales-300x161.jpg 300w\" sizes=\"auto, (max-width: 544px) 100vw, 544px\" \/><\/a>Participan expertos nacionales e internacionales y representantes de las 363 localidades de la provincia. Buscan formular ejes estrat\u00e9gicos apuntando a 2030.<\/p>\n<p>El gobierno de la provincia de Santa Fe llevar\u00e1 a cabo el 3\u00ba Congreso Santa Fe Red de Ciudades, bajo el t\u00edtulo \u201cEl desaf\u00edo de lo local. Retos y oportunidades en la gesti\u00f3n del territorio\u201d. La actividad, que ser\u00e1 encabezada por el gobernador Antonio Bonfatti, se realizar\u00e1 durante ma\u00f1ana y el viernes en la ciudad de Rosario.<\/p>\n<p>Este congreso es un espacio de di\u00e1logo y reflexi\u00f3n entre autoridades locales y provinciales, en donde se reafirma la concepci\u00f3n del espacio local como un escenario de oportunidades y desaf\u00edos, y \u00e1mbito propicio para generar pol\u00edticas innovadoras de intervenci\u00f3n y gesti\u00f3n del territorio.<\/p>\n<p>El evento es organizado por el gobierno provincial, a trav\u00e9s de la Secretar\u00eda de Regiones, Municipios y Comunas, dependiente del Ministerio de Gobierno y Reforma del Estado.<\/p>\n<p>El secretario de Regiones, Municipios y Comunas, Horacio Ghirardi, expres\u00f3 que en el congreso \u201cse profundizar\u00e1 la discusi\u00f3n entorno a la planificaci\u00f3n estrat\u00e9gica territorial y las capacidades de gesti\u00f3n local, con el objetivo de reflexionar y acordar acerca de los principales desaf\u00edos y potencialidades en la gesti\u00f3n del territorio en pos de la construcci\u00f3n colectiva de una visi\u00f3n 2030 de los municipios y comunas de la provincia de Santa Fe\u201d.<\/p>\n<p>El acto inaugural, a realizarse ma\u00f1ana a las 9, ser\u00e1 presidido por el gobernador Antonio Bonfatti junto a la intendenta de la ciudad de Rosario, M\u00f3nica Fein, y Mar\u00eda Regina Rau de Soauza, del Comit\u00e9 de Planeamiento Urbano Estrat\u00e9gico de Ciudades y Gobiernos Locales Unidos (Cglu), Brasil. La sede del evento ser\u00e1 el Sal\u00f3n Puerto Espa\u00f1a ubicado en Av. Illia 1690 (Espa\u00f1a y el r\u00edo) de la ciudad de Rosario.<\/p>\n<h3>Disertantes<\/h3>\n<p>El Congreso se organiza a partir de conferencias magistrales impartidas por especialistas internacionales, paneles y mesas de di\u00e1logo, organizadas bajo la din\u00e1mica conocida como Caf\u00e9 Mundial.<\/p>\n<p>Entre los disertantes, se destaca la presencia de Ricard Gom\u00e0, concejal y presidente del Grupo Municipal Iniciativa per Catalunya Verds, y concejero del \u00c1rea Metropolitana de Barcelona, Espa\u00f1a; y de Fernando Carri\u00f3n, profesor e investigador del Departamento de Estudios Pol\u00edticos de la Facultad Latinoamericana de Ciencias Sociales (Flacso), Ecuador.<\/p>\n<p>Los paneles contar\u00e1n con renombradas figuras internacionales como Juan Carlos Hern\u00e1ndez Correa, director Ejecutivo del Instituto Latinoamericano de Capacitaci\u00f3n en Gesti\u00f3n P\u00fablica (Igep); Franz Vanderschueren, coordinador del grupo de asesores del la Red Global de Ciudades m\u00e1s Seguras (ONU H\u00e1bitat); Laetita Montero, oficial de asuntos ambientales de la Divisi\u00f3n de Desarrollo, Sostenible y Asentamientos Humanos de la Comisi\u00f3n Econ\u00f3mica para Am\u00e9rica Latina (Cepal), todos provenientes de Chile; y Reinaldo de Freitas, asesor especial de Asuntos metropolitanos de la Prefectura de San Pablo, Brasil.<\/p>\n<p>La intendenta de la Regi\u00f3n del Libertador Bernardo O\u2018Higgins de Chile, Morin Contreras Concha, y la directora de la Asesor\u00eda de Desarrollo Municipal y Participaci\u00f3n, de la Intendencia de Montevideo, Uruguay, Mariella Mazzotti; integrar\u00e1n el panel de experiencias locales latinoamericanas.<\/p>\n<p>Tambi\u00e9n especialistas nacionales como Cristina Calvo, directora del Programa Internacional sobre Democracia, Sociedad y nuevas Econom\u00edas (Pidesonde) del Rectorado de la Universidad de Buenos Aires (UBA\/Seube), y miembro del Observatorio de la Deuda Social Argentina, de la Universidad Cat\u00f3lica Argentina (UCA), Buenos Aires; y Natalia Aquilino, directora del Programa de Incidencia, Monitoreo y Evaluaci\u00f3n del Centro de Implementaci\u00f3n de Pol\u00edticas P\u00fablicas para la Equidad y el Crecimiento (Cippec).<\/p>\n<p>Acompa\u00f1ando a los distintos expertos nacionales e internacionales se contar\u00e1 con las exposiciones del senador del Departamento Rosario Miguel Lifschitz; la diputada Provincial Erika Gonnet, presidenta de la Comisi\u00f3n de Asuntos Comunales de la C\u00e1mara de Diputados de la Provincia de Santa Fe; el intendente de la ciudad de Rafaela, Luis Castellano; el intendente de la ciudad de Santa Fe, Jos\u00e9 Corral; el secretario de Tecnolog\u00edas para la Gesti\u00f3n del Ministerio de Gobierno y Reforma del Estado, Javier Echaniz; el secretario de Estado del H\u00e1bitat, Gustavo Leone; la ministra de Desarrollo Social, M\u00f3nica Bifarello; y el ministro de Gobierno y Reforma del Estado, Rub\u00e9n Galassi.<\/p>\n<h6>Fuente: El Litoral, Santa Fe<\/h6>\n","protected":false},"excerpt":{"rendered":"<p>Participan expertos nacionales e internacionales y representantes de las 363 localidades de la provincia. Buscan formular ejes estrat\u00e9gicos apuntando a 2030. El gobierno de la provincia de Santa Fe llevar\u00e1 a cabo el 3\u00ba Congreso Santa Fe Red de Ciudades, bajo el t\u00edtulo \u201cEl desaf\u00edo de lo local. Retos y oportunidades en la gesti\u00f3n del<\/p>\n","protected":false},"author":2,"featured_media":15233,"comment_status":"closed","ping_status":"closed","sticky":false,"template":"","format":"standard","meta":{"footnotes":""},"categories":[2],"tags":[10],"class_list":["post-15232","post","type-post","status-publish","format-standard","has-post-thumbnail","hentry","category-informe-municipal","tag-santa-fe"],"_links":{"self":[{"href":"http:\/\/argentinamunicipal.com.ar\/argentina\/wp-json\/wp\/v2\/posts\/15232","targetHints":{"allow":["GET"]}}],"collection":[{"href":"http:\/\/argentinamunicipal.com.ar\/argentina\/wp-json\/wp\/v2\/posts"}],"about":[{"href":"http:\/\/argentinamunicipal.com.ar\/argentina\/wp-json\/wp\/v2\/types\/post"}],"author":[{"embeddable":true,"href":"http:\/\/argentinamunicipal.com.ar\/argentina\/wp-json\/wp\/v2\/users\/2"}],"replies":[{"embeddable":true,"href":"http:\/\/argentinamunicipal.com.ar\/argentina\/wp-json\/wp\/v2\/comments?post=15232"}],"version-history":[{"count":0,"href":"http:\/\/argentinamunicipal.com.ar\/argentina\/wp-json\/wp\/v2\/posts\/15232\/revisions"}],"wp:featuredmedia":[{"embeddable":true,"href":"http:\/\/argentinamunicipal.com.ar\/argentina\/wp-json\/wp\/v2\/media\/15233"}],"wp:attachment":[{"href":"http:\/\/argentinamunicipal.com.ar\/argentina\/wp-json\/wp\/v2\/media?parent=15232"}],"wp:term":[{"taxonomy":"category","embeddable":true,"href":"http:\/\/argentinamunicipal.com.ar\/argentina\/wp-json\/wp\/v2\/categories?post=15232"},{"taxonomy":"post_tag","embeddable":true,"href":"http:\/\/argentinamunicipal.com.ar\/argentina\/wp-json\/wp\/v2\/tags?post=15232"}],"curies":[{"name":"wp","href":"https:\/\/api.w.org\/{rel}","templated":true}]}}