{"id":15238,"date":"2014-09-25T10:02:12","date_gmt":"2014-09-25T13:02:12","guid":{"rendered":"http:\/\/argentinamunicipal.com.ar\/argentina\/?p=15238"},"modified":"2014-09-25T10:02:12","modified_gmt":"2014-09-25T13:02:12","slug":"firmaron-el-contrato-para-construir-el-centro-de-convenciones-en-parana","status":"publish","type":"post","link":"http:\/\/argentinamunicipal.com.ar\/argentina\/firmaron-el-contrato-para-construir-el-centro-de-convenciones-en-parana\/","title":{"rendered":"Firmaron el contrato para construir el Centro de Convenciones en Paran\u00e1"},"content":{"rendered":"<p><a href=\"http:\/\/argentinamunicipal.com.ar\/argentina\/wp-content\/uploads\/2014\/09\/e_1411598380.jpg\"><img loading=\"lazy\" decoding=\"async\" class=\"alignleft size-full wp-image-15239\" src=\"http:\/\/argentinamunicipal.com.ar\/argentina\/wp-content\/uploads\/2014\/09\/e_1411598380.jpg\" alt=\"e_1411598380\" width=\"432\" height=\"324\" srcset=\"http:\/\/argentinamunicipal.com.ar\/argentina\/wp-content\/uploads\/2014\/09\/e_1411598380.jpg 432w, http:\/\/argentinamunicipal.com.ar\/argentina\/wp-content\/uploads\/2014\/09\/e_1411598380-300x225.jpg 300w\" sizes=\"auto, (max-width: 432px) 100vw, 432px\" \/><\/a>El Gobierno provincial y municipal firm\u00f3 el contrato con la UTE para construir el Centro de Convenciones. \u201cEstoy feliz como lo estar\u00e1n quienes prestan servicios y que han trabajado para que esto sea realidad\u201d, dijo Urribarri a Elonce TV.<\/p>\n<p>El gobernador Sergio Urribarri y la intendenta de Paran\u00e1 Blanca Osuna firmaron con la Uni\u00f3n Transitoria de Empresas el contrato que permite el inicio de la obra del Centro Provincial de Convenciones, Congreso y Exposiciones de Paran\u00e1, que estar\u00e1 ubicado en el predio contiguo al de La Vieja Usina, sobre la barranca, con vista al r\u00edo.<\/p>\n<p>Previo al acto de r\u00fabrica, el gobernador dijo a Elonce TV que \u201cdesde hac\u00eda tiempo aspir\u00e1bamos a tener una idea que le d\u00e9 una marca a Paran\u00e1. Y la construcci\u00f3n de este Centro de Convenciones, sumado a la vuelta de Aerol\u00edneas despu\u00e9s de casi 30 a\u00f1os, a la obra que decidi\u00f3 hacer el gobierno nacional para transformar el aeropuerto internacional de carga al aeropuerto de Paran\u00e1, al evento de la Cumbre del Mercosur, le dan esa idea, que puede ser orientada hacia una regi\u00f3n de convenciones junto a la capital de Santa Fe\u201d.<\/p>\n<p>La obra \u201ccorona un esfuerzo que venimos realizando con distintas organizaciones que conforman la mesa del turismo pero adem\u00e1s con el deporte y la cultura\u201d, destac\u00f3 la intendenta Blanca Osuna, ante Elonce TV.<\/p>\n<p>\u201cEn 30 d\u00edas de setiembre hemos tenido en Paran\u00e1 20 eventos nacionales e internacionales importantes, que han cubierto todas las posibilidades de albergue en la ciudad en un 100 por ciento \u2014resalt\u00f3 la presidenta comunal\u2014. Trabajar esa perspectiva es trabajar la generaci\u00f3n de trabajo, es abrir posibilidades de desarrollo en materia de desarrollo comercial, gastron\u00f3mico\u201d.<\/p>\n<p>\u201cPara el Instituto del Seguro es un hecho hist\u00f3rico, porque vamos a salir de lo que es seguro propiamente, vamos a capitalizar la empresa con una gran inversi\u00f3n y a tener una renta de ese complejo\u201d, indic\u00f3, por su parte, el presidente del Instituto Aut\u00e1rquico Provincial del Seguro, Jorge Menc\u00eda.<\/p>\n<p>La Uni\u00f3n Transitoria de Empresas (UTE) \u2014integrada por Cemyc SRL, Caballi S.A. y Szczech y Szczech\u2014 que gan\u00f3 la licitaci\u00f3n oportunamente, present\u00f3 una propuesta econ\u00f3mica por m\u00e1s de 96 millones de pesos. \u201cContablemente, el Instituto va a quedar con un super\u00e1vit importante de capital\u201d, destac\u00f3 Menc\u00eda. \u201cLa proyecci\u00f3n es para Paran\u00e1, que no cuenta con un Centro de Convenciones, y es un aporte que hace el Instituto en compa\u00f1\u00eda con la gesti\u00f3n del gobernador, que ha expulsado este proyecto\u201d.<\/p>\n<p>Por su parte Iv\u00e1n Szczech, representante de la una de las empresas adjudicatarias, consider\u00f3 que el Centro Provincial de Convenciones \u201ces una obra important\u00edsima para la ciudad y esperamos que en el cort\u00edsimo plazo estemos dando inicio y terminando, en la medida de lo posible, en el transcurso del a\u00f1o que viene\u201d.<\/p>\n<p>El lugar tendr\u00e1 capacidad para albergar 2.500 personas. \u201cLa primera etapa ser\u00e1 de demolici\u00f3n de algunos galpones existentes en el terreno donde va implantado el Centro de Convenciones\u201d, explic\u00f3 el empresario.<\/p>\n<h6>Fuente: El Once<\/h6>\n","protected":false},"excerpt":{"rendered":"<p>El Gobierno provincial y municipal firm\u00f3 el contrato con la UTE para construir el Centro de Convenciones. \u201cEstoy feliz como lo estar\u00e1n quienes prestan servicios y que han trabajado para que esto sea realidad\u201d, dijo Urribarri a Elonce TV. El gobernador Sergio Urribarri y la intendenta de Paran\u00e1 Blanca Osuna firmaron con la Uni\u00f3n Transitoria<\/p>\n","protected":false},"author":2,"featured_media":15239,"comment_status":"closed","ping_status":"closed","sticky":false,"template":"","format":"standard","meta":{"footnotes":""},"categories":[2],"tags":[17],"class_list":["post-15238","post","type-post","status-publish","format-standard","has-post-thumbnail","hentry","category-informe-municipal","tag-entre-rios"],"_links":{"self":[{"href":"http:\/\/argentinamunicipal.com.ar\/argentina\/wp-json\/wp\/v2\/posts\/15238","targetHints":{"allow":["GET"]}}],"collection":[{"href":"http:\/\/argentinamunicipal.com.ar\/argentina\/wp-json\/wp\/v2\/posts"}],"about":[{"href":"http:\/\/argentinamunicipal.com.ar\/argentina\/wp-json\/wp\/v2\/types\/post"}],"author":[{"embeddable":true,"href":"http:\/\/argentinamunicipal.com.ar\/argentina\/wp-json\/wp\/v2\/users\/2"}],"replies":[{"embeddable":true,"href":"http:\/\/argentinamunicipal.com.ar\/argentina\/wp-json\/wp\/v2\/comments?post=15238"}],"version-history":[{"count":0,"href":"http:\/\/argentinamunicipal.com.ar\/argentina\/wp-json\/wp\/v2\/posts\/15238\/revisions"}],"wp:featuredmedia":[{"embeddable":true,"href":"http:\/\/argentinamunicipal.com.ar\/argentina\/wp-json\/wp\/v2\/media\/15239"}],"wp:attachment":[{"href":"http:\/\/argentinamunicipal.com.ar\/argentina\/wp-json\/wp\/v2\/media?parent=15238"}],"wp:term":[{"taxonomy":"category","embeddable":true,"href":"http:\/\/argentinamunicipal.com.ar\/argentina\/wp-json\/wp\/v2\/categories?post=15238"},{"taxonomy":"post_tag","embeddable":true,"href":"http:\/\/argentinamunicipal.com.ar\/argentina\/wp-json\/wp\/v2\/tags?post=15238"}],"curies":[{"name":"wp","href":"https:\/\/api.w.org\/{rel}","templated":true}]}}