{"id":152605,"date":"2024-12-23T05:35:55","date_gmt":"2024-12-23T08:35:55","guid":{"rendered":"http:\/\/argentinamunicipal.com.ar\/argentina\/?p=152605"},"modified":"2024-12-17T20:18:03","modified_gmt":"2024-12-17T23:18:03","slug":"la-comuna-de-tunuyan-convirtio-un-viejo-galpon-de-trenes-en-un-mercado-municipal","status":"publish","type":"post","link":"http:\/\/argentinamunicipal.com.ar\/argentina\/la-comuna-de-tunuyan-convirtio-un-viejo-galpon-de-trenes-en-un-mercado-municipal\/","title":{"rendered":"La comuna de Tunuy\u00e1n convirti\u00f3 un viejo galp\u00f3n de trenes en un mercado municipal"},"content":{"rendered":"<p>El \u00faltimo tren lleg\u00f3 desde Tunuy\u00e1n hasta la Ciudad de Mendoza fue en 1998. Desde esa fecha, la estaci\u00f3n del ferrocarril qued\u00f3 abandonada con todo lo que eso implica: robo de rieles, vandalizaci\u00f3n y el desuso de un espacio de grandes dimensiones con una buena ubicaci\u00f3n. Despu\u00e9s de varios proyectos para remodelarlo, el intendente Emir Andraos (PJ) logr\u00f3 poner en marcha lo que era un sue\u00f1o para \u00e9l: convirti\u00f3 el viejo galp\u00f3n de trenes en un mercado municipal que qued\u00f3 inaugurado este s\u00e1bado 14 de diciembre y en el que los tunuyaninos ya compran y venden productos locales, frescos o carnes, entre otros.<\/p>\n<p>El lugar queda sobre ruta 92, frente al Parque de las V\u00edas. Hace exactamente un a\u00f1o, cuando Andraos asumi\u00f3 como intendente, la estaci\u00f3n era s\u00f3lo un recuerdo. Hoy es un gran mercado en el que el d\u00eda de la apertura se llen\u00f3 de gente que fue a comprar.<\/p>\n<p><strong>El mercado de Tunuy\u00e1n<\/strong><\/p>\n<p>Las expectativas del municipio son\u00a0 que cada vez se sumen m\u00e1s peque\u00f1os y medianos productores de Tunuy\u00e1n a ofrecer sus productos.<\/p>\n<p>En ese sentido,\u00a0Andraos\u00a0cont\u00f3 a\u00a0MDZ\u00a0que: \u00abEsa nave de\u00a0ferrocarriles\u00a0est\u00e1 sin operar desde 1998, que fue la \u00faltima vez que estuvo el tren trabajando en el ramal. Qued\u00f3 ah\u00ed, a la buena de Dios, abandonada. En nuestra gesti\u00f3n cuando asumi\u00f3\u00a0Mart\u00edn (Aveiro) en 2011, tuvimos varios intentos de recuperarla, conseguimos las autorizaciones, logramos el permiso de uso y custodia de todo el predio de\u00a0ferrocarril\u00bb.<\/p>\n<p>Pero, luego de obtener el visto bueno nacional para poder utilizar el predio, empezaron a surgir diferentes opciones para utilizarlo. \u00abEn una primera instancia, lo \u00edbamos a usar con un fin deportivo, despu\u00e9s estuvo la idea de hacer algo m\u00e1s tipo feria para el acopio de la producci\u00f3n local y poder derivarla a los distintos lugares. Luego apareci\u00f3 un proyecto tur\u00edstico muy ambicioso que era un centro con financiaci\u00f3n nacional. Se dieron varias vueltas y nunca se concret\u00f3 nada\u00bb, relat\u00f3 el jefe comunal.<\/p>\n<p>Cuando Andraos asumi\u00f3 en diciembre del 2023, el predio fue uno de sus objetivos fundamentales de la gesti\u00f3n en el cort\u00edsimo plazo. \u00abEn lo personal ten\u00eda una cierta deuda porque me parec\u00eda un desprop\u00f3sito tener ese espacio tan hermoso ah\u00ed, con una infraestructura tan imponente y no poder usarla. Cuando asum\u00ed, una de las primeras cosas que solicit\u00e9 al equipo de Obras fue recuperarlo. Por eso nos pusimos un esquema de trabajo para armar un mercado con la direcci\u00f3n de Producci\u00f3n y Desarrollo del departamento para ver qui\u00e9nes iban a ser los interesados en acompa\u00f1arnos en esto\u00bb, cont\u00f3.<\/p>\n<p>\u00abTenemos oferta de frescos, panificados, almac\u00e9n y un sector para refrigerados donde se vende carne, cerdos. Ha sido muy bien recibido, se acerc\u00f3 much\u00edsima gente. Nunca esperamos que se inaugurara con tanto p\u00fablico. Ahora queremos que funcione, que la din\u00e1mica entre los vendedores y los compradores sea muy buena, que sea una opci\u00f3n de emprendedores y compra de productos locales. Estamos\u00a0felices porque ha sido un \u00e9xito el arranque. Vamos a ver qu\u00e9 pasa\u00bb, finaliz\u00f3 el intendente en di\u00e1logo con este diario.<\/p>\n<h6>Fuente: MDZ<\/h6>\n","protected":false},"excerpt":{"rendered":"<p>Hace exactamente un a\u00f1o, cuando Andraos asumi\u00f3 como intendente, la estaci\u00f3n era s\u00f3lo un recuerdo. Hoy es un gran mercado en el que el d\u00eda de la apertura se llen\u00f3 de gente que fue a comprar.<\/p>\n","protected":false},"author":2,"featured_media":152606,"comment_status":"closed","ping_status":"closed","sticky":false,"template":"","format":"standard","meta":{"footnotes":""},"categories":[2],"tags":[31],"class_list":["post-152605","post","type-post","status-publish","format-standard","has-post-thumbnail","hentry","category-informe-municipal","tag-mendoza"],"_links":{"self":[{"href":"http:\/\/argentinamunicipal.com.ar\/argentina\/wp-json\/wp\/v2\/posts\/152605","targetHints":{"allow":["GET"]}}],"collection":[{"href":"http:\/\/argentinamunicipal.com.ar\/argentina\/wp-json\/wp\/v2\/posts"}],"about":[{"href":"http:\/\/argentinamunicipal.com.ar\/argentina\/wp-json\/wp\/v2\/types\/post"}],"author":[{"embeddable":true,"href":"http:\/\/argentinamunicipal.com.ar\/argentina\/wp-json\/wp\/v2\/users\/2"}],"replies":[{"embeddable":true,"href":"http:\/\/argentinamunicipal.com.ar\/argentina\/wp-json\/wp\/v2\/comments?post=152605"}],"version-history":[{"count":0,"href":"http:\/\/argentinamunicipal.com.ar\/argentina\/wp-json\/wp\/v2\/posts\/152605\/revisions"}],"wp:featuredmedia":[{"embeddable":true,"href":"http:\/\/argentinamunicipal.com.ar\/argentina\/wp-json\/wp\/v2\/media\/152606"}],"wp:attachment":[{"href":"http:\/\/argentinamunicipal.com.ar\/argentina\/wp-json\/wp\/v2\/media?parent=152605"}],"wp:term":[{"taxonomy":"category","embeddable":true,"href":"http:\/\/argentinamunicipal.com.ar\/argentina\/wp-json\/wp\/v2\/categories?post=152605"},{"taxonomy":"post_tag","embeddable":true,"href":"http:\/\/argentinamunicipal.com.ar\/argentina\/wp-json\/wp\/v2\/tags?post=152605"}],"curies":[{"name":"wp","href":"https:\/\/api.w.org\/{rel}","templated":true}]}}