{"id":152722,"date":"2024-12-23T06:18:44","date_gmt":"2024-12-23T09:18:44","guid":{"rendered":"http:\/\/argentinamunicipal.com.ar\/argentina\/?p=152722"},"modified":"2024-12-23T06:18:44","modified_gmt":"2024-12-23T09:18:44","slug":"el-ano-laboral-en-santa-fe-cual-fue-el-sector-que-mas-puestos-de-trabajo-perdio","status":"publish","type":"post","link":"http:\/\/argentinamunicipal.com.ar\/argentina\/el-ano-laboral-en-santa-fe-cual-fue-el-sector-que-mas-puestos-de-trabajo-perdio\/","title":{"rendered":"El a\u00f1o laboral en Santa Fe: cu\u00e1l fue el sector que m\u00e1s puestos de trabajo perdi\u00f3"},"content":{"rendered":"<p>El ministro de Trabajo de Santa Fe, Roald B\u00e1scolo, analiz\u00f3 el mercado laboral en la provincia.<\/p>\n<p>El ministro de Trabajo de la provincia, Roald B\u00e1scolo, confirm\u00f3 que \u00abbaj\u00f3 el n\u00famero de suspensiones en la provincia y hay sectores que ya est\u00e1n recuperando su producci\u00f3n normal\u00bb. En ese aspecto, detall\u00f3 que el n\u00famero en Santa Fe pas\u00f3 de 11.000 suspensiones en su pico del a\u00f1o a las actuales 3.500 en el sector privado.<\/p>\n<p>En di\u00e1logo con UNO FM 106.3, de la ciudad de Santa Fe, analiz\u00f3 la situaci\u00f3n laboral en la provincia: \u00abLa provincia trabaj\u00f3 en asistir al sector privado para que no solamente el movimiento econ\u00f3mico venga de la parte p\u00fablica.\u00a0Santa Fe es el tercer empleador privado a nivel nacional despu\u00e9s de provincia de Buenos Aires y Capital Federal, que resisti\u00f3 muy bien este contexto complicado que tuvimos, sobre todo en el primer semestre\u00bb.<\/p>\n<p>A su vez, B\u00e1scolo indic\u00f3: \u00abFue un a\u00f1o muy problem\u00e1tico para el mercado laboral, obviamente que por la cuesti\u00f3n de la ca\u00edda en la actividad econ\u00f3mica. Lo que se intent\u00f3 hacer desde el Ministerio fueron dos cuestiones. Primero, anticiparse los problemas a trav\u00e9s de las reuniones de las mesas tripartitas, donde participan los gremios, los empresarios o las mismas empresas y el Ministerio de Trabajo. En muchos casos, conflictos que se hab\u00edan generado no pasaban a mayor precisamente por la intervenci\u00f3n del Ministerio para mediar entre las partes y, si bien los conflictos exist\u00edan, lograr intervenir al tiempo y evitarlos\u00bb.<\/p>\n<p><strong>Ca\u00edda de las suspensiones en el sector privado<\/strong><br \/>\nEl sector que m\u00e1s empleo perdi\u00f3 en el a\u00f1o\u00a0pero que advirtieron que dej\u00f3 de caer en el mes de septiembre y ya comenz\u00f3 con dos o tres meses de repunte es el de la\u00a0construcci\u00f3n, seguido por el metal\u00fargico \/ industrial, donde intervino la provincia haciendo acuerdos de suspensiones para evitar despidos.<\/p>\n<p>En torno a esto, B\u00e1scolo afirm\u00f3 que\u00a0\u00abla provincia lleg\u00f3 a tener un pico de 11.000 trabajadores suspendidos en el mes de julio y hoy ese n\u00famero est\u00e1 en 3.500.\u00a0Eso te da una pauta de que hay sectores que ya est\u00e1n recuperando su producci\u00f3n normal y por eso las suspensiones bajaron\u00bb.<\/p>\n<p>A prop\u00f3sito del sector de la construcci\u00f3n, el ministro remarc\u00f3 que efectivamente termin\u00f3 siendo el rubro que m\u00e1s empleo perdi\u00f3 aunque destac\u00f3 que la provincia est\u00e1 entre las cuatro que mejor resistieron esta crisis de la obra p\u00fablica: \u00abCuando a nivel nacional se perdi\u00f3 el 23% de los puestos de trabajo en la construcci\u00f3n, en Santa Fe se perdi\u00f3 el 13% solamente mientras hay otras provincias que al quitar la obra p\u00fablica nacional perdieron hasta el 60% de los lugares de trabajo de la construcci\u00f3n\u00bb.<\/p>\n<p>El funcionario remarc\u00f3 que \u00abel comercio fue uno de los pocos sectores que mantuvo su personal. Si bien existi\u00f3 una cadena de actividad econ\u00f3mica, el personal de comercio se mantuvo durante todo el a\u00f1o estable. Seguramente, como dicen, a partir de diciembre, enero, febrero, el comparativo interanual va a empezar a dar positivo, porque vamos a estar comparando contra los peores meses que tuvimos en el 2024, el principio del a\u00f1o\u00bb.<\/p>\n<p><strong>Buenas perspectivas a corto plazo<\/strong><br \/>\nA nivel general B\u00e1scolo advirti\u00f3 buenas expectativas de cara al corto plazo: \u00abEl empleo dej\u00f3 de caer, hay un leve crecimiento en este \u00faltimo trimestre, este leve crecimiento es una recuperaci\u00f3n de lo que se perdi\u00f3 en el primer semestre y\u00a0las perspectivas para el primer semestre del 2025 son buenas y que lo demuestran de ambos varios factores\u00bb.<\/p>\n<p>Consultado por la situaci\u00f3n de plantas que deberieron suspender su producci\u00f3n y cerrar dependencias\u00a0como lo fue el caso de Dow o Acindar en la provincia, B\u00e1scolo afirm\u00f3 que \u00abesos son los casos m\u00e1s visibles porque se trata de empresas grandes, multinacionales, y que cualquier movimiento que suceda por ah\u00ed se toma un poco m\u00e1s medi\u00e1tico. Los sectores afectados fueron pr\u00e1cticamente la mayor\u00eda, algunos tuvieron ca\u00eddas m\u00e1s importantes\u00bb.<\/p>\n<h6>Fuente: La Capital<\/h6>\n","protected":false},"excerpt":{"rendered":"<p>El ministro de Trabajo de Santa Fe, Roald B\u00e1scolo, analiz\u00f3 el mercado laboral en la provincia.<\/p>\n","protected":false},"author":2,"featured_media":152723,"comment_status":"closed","ping_status":"closed","sticky":false,"template":"","format":"standard","meta":{"footnotes":""},"categories":[65],"tags":[10],"class_list":["post-152722","post","type-post","status-publish","format-standard","has-post-thumbnail","hentry","category-provincias","tag-santa-fe"],"_links":{"self":[{"href":"http:\/\/argentinamunicipal.com.ar\/argentina\/wp-json\/wp\/v2\/posts\/152722","targetHints":{"allow":["GET"]}}],"collection":[{"href":"http:\/\/argentinamunicipal.com.ar\/argentina\/wp-json\/wp\/v2\/posts"}],"about":[{"href":"http:\/\/argentinamunicipal.com.ar\/argentina\/wp-json\/wp\/v2\/types\/post"}],"author":[{"embeddable":true,"href":"http:\/\/argentinamunicipal.com.ar\/argentina\/wp-json\/wp\/v2\/users\/2"}],"replies":[{"embeddable":true,"href":"http:\/\/argentinamunicipal.com.ar\/argentina\/wp-json\/wp\/v2\/comments?post=152722"}],"version-history":[{"count":0,"href":"http:\/\/argentinamunicipal.com.ar\/argentina\/wp-json\/wp\/v2\/posts\/152722\/revisions"}],"wp:featuredmedia":[{"embeddable":true,"href":"http:\/\/argentinamunicipal.com.ar\/argentina\/wp-json\/wp\/v2\/media\/152723"}],"wp:attachment":[{"href":"http:\/\/argentinamunicipal.com.ar\/argentina\/wp-json\/wp\/v2\/media?parent=152722"}],"wp:term":[{"taxonomy":"category","embeddable":true,"href":"http:\/\/argentinamunicipal.com.ar\/argentina\/wp-json\/wp\/v2\/categories?post=152722"},{"taxonomy":"post_tag","embeddable":true,"href":"http:\/\/argentinamunicipal.com.ar\/argentina\/wp-json\/wp\/v2\/tags?post=152722"}],"curies":[{"name":"wp","href":"https:\/\/api.w.org\/{rel}","templated":true}]}}