{"id":152725,"date":"2024-12-23T06:22:35","date_gmt":"2024-12-23T09:22:35","guid":{"rendered":"http:\/\/argentinamunicipal.com.ar\/argentina\/?p=152725"},"modified":"2024-12-23T06:22:35","modified_gmt":"2024-12-23T09:22:35","slug":"la-interna-peronista-los-oficialismos-y-una-empresa-irresponsable","status":"publish","type":"post","link":"http:\/\/argentinamunicipal.com.ar\/argentina\/la-interna-peronista-los-oficialismos-y-una-empresa-irresponsable\/","title":{"rendered":"La interna peronista, los oficialismos y una empresa irresponsable"},"content":{"rendered":"<p>Algunas grageas sobre cosas que pasan en el \u00e1mbito de la pol\u00edtica y otras actividades locales<\/p>\n<p><strong>Los peronistas son como los gatos<\/strong><br \/>\nEl peronismo santafesino, en sinton\u00eda con el nacional, parece no terminar una pelea interna para comenzar otra. Tan es as\u00ed que incluso su reciente figura electoral parece que ni siquiera se presentar\u00e1 dentro de la estructura partidaria en la elecci\u00f3n de constituyentes. Este fin de semana ser\u00e1 clave para ver si sale humo blanco en la interna o la implosi\u00f3n se multiplica. No obstante este estado de cosas, muchos sugieren no menospreciar al partido del General. Es conocido su viejo dicho, que afirma: \u201cLos peronistas somos como los gatos: cuando parece que nos estamos peleando es que nos estamos reproduciendo\u201d.<\/p>\n<p><strong>Termina bien para los oficialismos<\/strong><br \/>\nDespu\u00e9s de mucho tiempo, parece que tendremos fin de a\u00f1o en paz y con pulgares para arriba en los oficialismos. M\u00e1s all\u00e1 de los pendientes, para la opini\u00f3n p\u00fablica mayoritaria los gobiernos nacional, provincial y municipal cumplieron sus objetivos principales. Milei acomod\u00f3 la macro, Pullaro trajo seguridad y Javkin cierra un a\u00f1o con ordenanzas que prometen cambiar gran parte de la ciudad. Esperemos esto sea el comienzo de un ciclo virtuoso. Brindemos por ello.<\/p>\n<p><strong>\u00bfY la responsabilidad social empresaria?<\/strong><br \/>\nEn momentos en que es de p\u00fablico conocimiento la judicializaci\u00f3n sobre habilitaciones de desarrollos inmobiliarios, un pedido de informaci\u00f3n en \u00e1reas administrativa sobre posible contaminaci\u00f3n aguas subterr\u00e1nea ha generado inquietud. Pareciera ser que una importante empresa multinacional, dedicada a la fabricaci\u00f3n de maquinaria agr\u00edcola, habr\u00eda contaminado las napas en una zona muy poblada y cercana a una planta potabilizadora de agua que, conforme a los controles, habr\u00eda detectado contaminantes en el fluido. La multinacional, si bien realiz\u00f3 la remediaci\u00f3n y pag\u00f3 multas, nunca inform\u00f3 a las autoridades locales ni las organizaciones educativas y sociales cercanas para evitar perjuicios. \u00bfTodo se solucion\u00f3 simplemente con pagar las multas? Este tema parece que dar\u00e1 que hablar en 2025, dado que reconocidos profesionales fueron consultados y ya pusieron la mira en este importante fabricante, que es n\u00famero 1 uno en ventas pero estar\u00eda aplazado en la protecci\u00f3n del ambiente.<\/p>\n<h6>Fuente: La Capital<\/h6>\n","protected":false},"excerpt":{"rendered":"<p>Algunas grageas sobre cosas que pasan en el \u00e1mbito de la pol\u00edtica y otras actividades locales<\/p>\n","protected":false},"author":2,"featured_media":152726,"comment_status":"closed","ping_status":"closed","sticky":false,"template":"","format":"standard","meta":{"footnotes":""},"categories":[4],"tags":[10],"class_list":["post-152725","post","type-post","status-publish","format-standard","has-post-thumbnail","hentry","category-informe-politico","tag-santa-fe"],"_links":{"self":[{"href":"http:\/\/argentinamunicipal.com.ar\/argentina\/wp-json\/wp\/v2\/posts\/152725","targetHints":{"allow":["GET"]}}],"collection":[{"href":"http:\/\/argentinamunicipal.com.ar\/argentina\/wp-json\/wp\/v2\/posts"}],"about":[{"href":"http:\/\/argentinamunicipal.com.ar\/argentina\/wp-json\/wp\/v2\/types\/post"}],"author":[{"embeddable":true,"href":"http:\/\/argentinamunicipal.com.ar\/argentina\/wp-json\/wp\/v2\/users\/2"}],"replies":[{"embeddable":true,"href":"http:\/\/argentinamunicipal.com.ar\/argentina\/wp-json\/wp\/v2\/comments?post=152725"}],"version-history":[{"count":0,"href":"http:\/\/argentinamunicipal.com.ar\/argentina\/wp-json\/wp\/v2\/posts\/152725\/revisions"}],"wp:featuredmedia":[{"embeddable":true,"href":"http:\/\/argentinamunicipal.com.ar\/argentina\/wp-json\/wp\/v2\/media\/152726"}],"wp:attachment":[{"href":"http:\/\/argentinamunicipal.com.ar\/argentina\/wp-json\/wp\/v2\/media?parent=152725"}],"wp:term":[{"taxonomy":"category","embeddable":true,"href":"http:\/\/argentinamunicipal.com.ar\/argentina\/wp-json\/wp\/v2\/categories?post=152725"},{"taxonomy":"post_tag","embeddable":true,"href":"http:\/\/argentinamunicipal.com.ar\/argentina\/wp-json\/wp\/v2\/tags?post=152725"}],"curies":[{"name":"wp","href":"https:\/\/api.w.org\/{rel}","templated":true}]}}