{"id":152728,"date":"2024-12-26T05:25:59","date_gmt":"2024-12-26T08:25:59","guid":{"rendered":"http:\/\/argentinamunicipal.com.ar\/argentina\/?p=152728"},"modified":"2024-12-26T06:17:27","modified_gmt":"2024-12-26T09:17:27","slug":"un-aula-al-aire-libre-la-escuela-rural-de-maria-juana-que-propone-aprender-en-la-naturaleza","status":"publish","type":"post","link":"http:\/\/argentinamunicipal.com.ar\/argentina\/un-aula-al-aire-libre-la-escuela-rural-de-maria-juana-que-propone-aprender-en-la-naturaleza\/","title":{"rendered":"Un aula al aire libre: la escuela rural de Mar\u00eda Juana que propone aprender en la naturaleza"},"content":{"rendered":"<p>El espacio educativo de Estaci\u00f3n Mar\u00eda Juana le ofrece a los chicos una propuesta educativa diferente. De qu\u00e9 se trata y qui\u00e9nes pueden ir<\/p>\n<p>La conexi\u00f3n con la naturaleza en los marcos educativos que ofrecen las escuelas rurales fomenta, seg\u00fan los especialistas, la curiosidad y la creatividad. Tambi\u00e9n ayuda a reducir el estr\u00e9s y mejorar la concentraci\u00f3n de los chicos. Teniendo en cuenta todo esto,\u00a0el espacio educativo de Estaci\u00f3n Mar\u00eda Juana presenta una propuesta para jugar y aprender en un entorno natural.<\/p>\n<p>Mar\u00eda Juana, en el departamento de Castellanos, tiene una escuela rural ubicada frente a un frondoso monte de eucaliptos que alberga en su interior las ruinas de una antigua estaci\u00f3n de ferrocarril, ofreciendo excelentes posibilidades recreativas y educativas, como actividades de cabuyer\u00eda (t\u00e9cnicas de nudos y sus aplicaciones), construcciones r\u00fasticas, senderismo y avistaje de aves, recorridos hist\u00f3ricos, identificaci\u00f3n de especies, entre otras.<\/p>\n<p>Quienes asisten acceden mediante la Ruta provincial N\u00b0 13, desde Mar\u00eda Juana, por un camino de tierra de tres kil\u00f3metros hasta llegar a la escuela.<\/p>\n<p>En el marco de Comp\u00e1s 150, el nuevo ciclo audiovisual de La Capital, Nachi Saieg e Ignacio Noviski visitaron la instituci\u00f3n educativa y conocieron c\u00f3mo es el d\u00eda a d\u00eda de sus estudiantes, con clases al aire libre, avistaje de fauna y flora y un aprendizaje directamente ligado a la experiencia natural.<\/p>\n<p>Las aulas al aire libre estimulan el desarrollo de habilidades sociales, ya que suelen fomentar la colaboraci\u00f3n y el trabajo en equipo en un ambiente m\u00e1s relajado. Por otro lado, permiten a los docentes diversificar sus estrategias pedag\u00f3gicas, adapt\u00e1ndose a distintos estilos de aprendizaje y aprovechando los recursos naturales como parte del proceso. Este enfoque integral no solo mejora los resultados acad\u00e9micos, sino que tambi\u00e9n contribuye a la formaci\u00f3n de ciudadanos m\u00e1s conscientes y conectados con el medioambiente.<\/p>\n<p>Adem\u00e1s de sus actividades educativas cotidianas, Estaci\u00f3n Mar\u00eda Juana ofrece su espacio a campamentos de m\u00faltiples escuelas que llegan desde otras localidades de la provincia. Tiene una capacidad para 60 personas y lugar para aproximadamente 30 carpas. En cuanto a servicios, cuenta con dos salones, cocina, play\u00f3n de juegos de cemento, huerta agroecol\u00f3gica, horno de barro, fogonero, parrillas, arboleda enorme y ba\u00f1os con 6 duchas de agua caliente.<\/p>\n<p>Tambi\u00e9n, para quien guste visitar el espacio,\u00a0la instituci\u00f3n ofrece una lista de talleres presentados por sus docentes, con actividades educativas programadas relacionadas con diferentes \u00e1reas de estudio, abordando tem\u00e1ticas como, por ejemplo, identidad cultural, defensa del ambiente y conservaci\u00f3n de especies aut\u00f3ctonas.\u00a0En el lugar se pueden realizar visitas al centro de apicultores locales, a una f\u00e1brica de molinos de viento, y a diferentes tambos y granjas vecinas para observar circuitos productivos.<\/p>\n<p>\u00bfC\u00f3mo solicitar un turno para que la escuela visite el espacio?<br \/>\n&#8211; Reserva jornada diurna de 8 a 18:\u00a0ingrese al turnero<\/p>\n<p>&#8211; Reserva de la primera jornada con pernocte desde las 8:\u00a0ingrese al turnero<\/p>\n<p>&#8211; Reserva de la segunda Jornada hasta las 18:\u00a0ingrese al turnero<\/p>\n<p>El segundo paso es llenar el formulario de reserva. (Previo a completar el formulario se debe haber solicitado el turno haciendo clic\u00a0aqu\u00ed)<\/p>\n<p>Posteriormente, el director\/representante legal deber\u00e1 comunicarse con personal del Espacio Educativo para coordinar aspectos organizativos en el plazo de 48 horas.<\/p>\n<h6>Fuente: Uno<\/h6>\n","protected":false},"excerpt":{"rendered":"<p>El espacio educativo de Estaci\u00f3n Mar\u00eda Juana le ofrece a los chicos una propuesta educativa diferente. De qu\u00e9 se trata y qui\u00e9nes pueden ir<\/p>\n","protected":false},"author":2,"featured_media":152729,"comment_status":"closed","ping_status":"closed","sticky":false,"template":"","format":"standard","meta":{"footnotes":""},"categories":[2],"tags":[10],"class_list":["post-152728","post","type-post","status-publish","format-standard","has-post-thumbnail","hentry","category-informe-municipal","tag-santa-fe"],"_links":{"self":[{"href":"http:\/\/argentinamunicipal.com.ar\/argentina\/wp-json\/wp\/v2\/posts\/152728","targetHints":{"allow":["GET"]}}],"collection":[{"href":"http:\/\/argentinamunicipal.com.ar\/argentina\/wp-json\/wp\/v2\/posts"}],"about":[{"href":"http:\/\/argentinamunicipal.com.ar\/argentina\/wp-json\/wp\/v2\/types\/post"}],"author":[{"embeddable":true,"href":"http:\/\/argentinamunicipal.com.ar\/argentina\/wp-json\/wp\/v2\/users\/2"}],"replies":[{"embeddable":true,"href":"http:\/\/argentinamunicipal.com.ar\/argentina\/wp-json\/wp\/v2\/comments?post=152728"}],"version-history":[{"count":0,"href":"http:\/\/argentinamunicipal.com.ar\/argentina\/wp-json\/wp\/v2\/posts\/152728\/revisions"}],"wp:featuredmedia":[{"embeddable":true,"href":"http:\/\/argentinamunicipal.com.ar\/argentina\/wp-json\/wp\/v2\/media\/152729"}],"wp:attachment":[{"href":"http:\/\/argentinamunicipal.com.ar\/argentina\/wp-json\/wp\/v2\/media?parent=152728"}],"wp:term":[{"taxonomy":"category","embeddable":true,"href":"http:\/\/argentinamunicipal.com.ar\/argentina\/wp-json\/wp\/v2\/categories?post=152728"},{"taxonomy":"post_tag","embeddable":true,"href":"http:\/\/argentinamunicipal.com.ar\/argentina\/wp-json\/wp\/v2\/tags?post=152728"}],"curies":[{"name":"wp","href":"https:\/\/api.w.org\/{rel}","templated":true}]}}