{"id":152768,"date":"2024-12-27T05:45:20","date_gmt":"2024-12-27T08:45:20","guid":{"rendered":"http:\/\/argentinamunicipal.com.ar\/argentina\/?p=152768"},"modified":"2024-12-26T19:47:34","modified_gmt":"2024-12-26T22:47:34","slug":"las-bicicletas-publicas-de-santa-fe-un-sistema-en-pleno-crecimiento","status":"publish","type":"post","link":"http:\/\/argentinamunicipal.com.ar\/argentina\/las-bicicletas-publicas-de-santa-fe-un-sistema-en-pleno-crecimiento\/","title":{"rendered":"Las bicicletas p\u00fablicas de Santa Fe; un sistema en pleno crecimiento"},"content":{"rendered":"<p>En diciembre de 2023 hab\u00eda 30 mil usuarios y 2024 cerrar\u00e1 con unos 47 mil. En los \u00faltimos meses se sumaron bicipuntos y rodados, que se pueden usar en un \u00e1rea que representa el 30% de la capital provincial.<\/p>\n<p>El 19 de diciembre la Municipalidad present\u00f3\u00a0el ya tradicional informe: \u201cSanta Fe C\u00f3mo vamos\u201d. La publicaci\u00f3n contempla los datos estad\u00edsticos del quehacer de la capital provincial, en un trabajo realizado en conjunto con la Bolsa de Comercio.<\/p>\n<p>El propio intendente\u00a0Juan Pablo Poletti\u00a0encabez\u00f3 la conferencia de prensa donde hizo p\u00fablico el estudio que cuenta con unas 200 p\u00e1ginas, aborda una bater\u00eda muy variada de temas y se puede leer completo al final de este art\u00edculo.<\/p>\n<p>Una de las aristas que analiza el \u201cC\u00f3mo vamos\u201d es la movilidad urbana en la\u00a0capital de la provincia. Entre ellos se destaca la incorporaci\u00f3n de las bicicletas p\u00fablicas. A 2023, eran las \u201c32 las estaciones ubicadas en diferentes zonas\u201d, destaca el informe.<\/p>\n<p>\u201cEn diciembre de 2023 el sistema cuenta con un total de\u00a030.331 usuarios activos, siendo el\u00a052,2% mujeres. A lo largo del a\u00f1o, se registraron 151.064 viajes, en promedio, un total de 15.000 viajes mensuales. El total de kil\u00f3metros recorridos a 2023 fue de 467.491km. El sistema registra un promedio de 496 viajes diarios\u201d, detalla el estudio.<br \/>\nSeg\u00fan los datos, son las mujeres quienes m\u00e1s usan las bicis. Foto: Archivo El Litoral \/ Pablo Aguirre<\/p>\n<p><strong>Sigue creciendo<\/strong><br \/>\nAl mismo tiempo, el municipio public\u00f3 datos actualizados a diciembre \u201824 sobre la plataforma de uso de los rodados p\u00fablicos.<\/p>\n<p>\u201cEn 2024 se lleg\u00f3 a 230 bicicletas, en las que se recorrieron m\u00e1s de 800.000 kil\u00f3metros y con las que se logr\u00f3 conectar 22 vecinales de la ciudad\u201d, aseguraron desde el gobierno local en una comunicaci\u00f3n oficial dada a conocer el 9 de diciembre.<\/p>\n<p>En ese sentido, el municipio reconoci\u00f3 que \u201cla cantidad de usuarios del sistema lleg\u00f3 a 47000, quienes alcanzaron los 361000 viajes. De dicho n\u00famero, el 56% tiene entre 21 y 40 a\u00f1os, mientras que m\u00e1s del 54% son mujeres\u201d.<br \/>\nAdem\u00e1s, durante la actual gesti\u00f3n municipal se sumaron 15 nuevos bicipuntos, red que ahora cuenta con 45 estaciones que conectan 22 barrios de la ciudad. Las m\u00e1s utilizadas son las ubicadas en la Terminal de \u00d3mnibus, Molino, y Peatonal Norte.<\/p>\n<p><strong>Caracter\u00edsticas del sistema<\/strong><br \/>\nLos interesados en utilizar los rodados p\u00fablicos deben registrarse y descargar una app en sus tel\u00e9fonos, que se encuentra disponible tanto para iOS como Android. Los viajes pueden tener una duraci\u00f3n m\u00e1xima de 45 minutos.<\/p>\n<p>\u201cEn caso de que ese tiempo se exceda, se puede volver a cualquier Bici punto para comenzar un nuevo viaje\u201d, explican en el\u00a0sitio web de la Municipalidad.<\/p>\n<p>Cabe se\u00f1alar que las unidades poseen un dise\u00f1o uniforme con elementos resistentes y antivand\u00e1licos de ruedas macizas, elementos reflectantes, luces, panel solar, canasto, GPS, alarma, candado electr\u00f3nico y una traba mec\u00e1nica que permite anclarlas al correspondiente bicicletero.<\/p>\n<p>De acuerdo a la informaci\u00f3n oficial, el \u00e1rea de cobertura se extiende en 22 kil\u00f3metros cuadrados, lo que representa el 30% de la capital santafesina.<\/p>\n<p><strong>El estudio<\/strong><br \/>\nSanta Fe C\u00f3mo Vamos es una muestra de la sinergia positiva que se logra a partir del trabajo conjunto entre el Estado, la Sociedad Civil y la Academia.<\/p>\n<p>La iniciativa es llevada a cabo por la Municipalidad y la Bolsa de Comercio de Santa Fe, en conjunto con un Consejo Asesor compuesto por las universidades Nacional del Litoral, Cat\u00f3lica de Santa Fe y Tecnol\u00f3gica Nacional, Facultad Regional Santa Fe.<\/p>\n<h6>Fuente: El Litoral<\/h6>\n","protected":false},"excerpt":{"rendered":"<p>En diciembre de 2023 hab\u00eda 30 mil usuarios y 2024 cerrar\u00e1 con unos 47 mil. En los \u00faltimos meses se sumaron bicipuntos y rodados, que se pueden usar en un \u00e1rea que representa el 30% de la capital provincial.<\/p>\n","protected":false},"author":2,"featured_media":152769,"comment_status":"closed","ping_status":"closed","sticky":false,"template":"","format":"standard","meta":{"footnotes":""},"categories":[2],"tags":[10],"class_list":["post-152768","post","type-post","status-publish","format-standard","has-post-thumbnail","hentry","category-informe-municipal","tag-santa-fe"],"_links":{"self":[{"href":"http:\/\/argentinamunicipal.com.ar\/argentina\/wp-json\/wp\/v2\/posts\/152768","targetHints":{"allow":["GET"]}}],"collection":[{"href":"http:\/\/argentinamunicipal.com.ar\/argentina\/wp-json\/wp\/v2\/posts"}],"about":[{"href":"http:\/\/argentinamunicipal.com.ar\/argentina\/wp-json\/wp\/v2\/types\/post"}],"author":[{"embeddable":true,"href":"http:\/\/argentinamunicipal.com.ar\/argentina\/wp-json\/wp\/v2\/users\/2"}],"replies":[{"embeddable":true,"href":"http:\/\/argentinamunicipal.com.ar\/argentina\/wp-json\/wp\/v2\/comments?post=152768"}],"version-history":[{"count":0,"href":"http:\/\/argentinamunicipal.com.ar\/argentina\/wp-json\/wp\/v2\/posts\/152768\/revisions"}],"wp:featuredmedia":[{"embeddable":true,"href":"http:\/\/argentinamunicipal.com.ar\/argentina\/wp-json\/wp\/v2\/media\/152769"}],"wp:attachment":[{"href":"http:\/\/argentinamunicipal.com.ar\/argentina\/wp-json\/wp\/v2\/media?parent=152768"}],"wp:term":[{"taxonomy":"category","embeddable":true,"href":"http:\/\/argentinamunicipal.com.ar\/argentina\/wp-json\/wp\/v2\/categories?post=152768"},{"taxonomy":"post_tag","embeddable":true,"href":"http:\/\/argentinamunicipal.com.ar\/argentina\/wp-json\/wp\/v2\/tags?post=152768"}],"curies":[{"name":"wp","href":"https:\/\/api.w.org\/{rel}","templated":true}]}}