{"id":152777,"date":"2024-12-26T19:59:27","date_gmt":"2024-12-26T22:59:27","guid":{"rendered":"http:\/\/argentinamunicipal.com.ar\/argentina\/?p=152777"},"modified":"2024-12-26T19:59:27","modified_gmt":"2024-12-26T22:59:27","slug":"rosario-una-familia-necesito-en-noviembre-921-411-para-no-caer-en-la-pobreza","status":"publish","type":"post","link":"http:\/\/argentinamunicipal.com.ar\/argentina\/rosario-una-familia-necesito-en-noviembre-921-411-para-no-caer-en-la-pobreza\/","title":{"rendered":"Rosario: una familia necesit\u00f3 en noviembre $921.411 para no caer en la pobreza"},"content":{"rendered":"<p>Ese incremento, seg\u00fan expresaron desde el Isepci, se expresa en un aumento de precios interanual de 113,18%<br \/>\n26 de diciembre 2024\u00b714:00hs<\/p>\n<p>Una familia rosarina de cuatro integrantes necesit\u00f3 en noviembre $921.411 para no caer bajo la l\u00ednea de pobreza, cuando en el mismo mes del 2023 necesitaba $432.226,\u00a0seg\u00fan el relevamiento realizado por el\u00a0Instituto de Investigaci\u00f3n Social, Econ\u00f3mica y Pol\u00edtica Ciudadana (Isepci) acerca algunos datos que elabora en su \u00cdndice Barrial de Precios (IBP)\u00a0en comercios de cercan\u00eda de Rosario y otras localidades de la provincia.<\/p>\n<p>Ese incremento, seg\u00fan expresaron desde el Isepci, se expresa\u00a0en un aumento de precios interanual de 113,18%, es decir de noviembre de 2023 al mismo mes en 2024.<\/p>\n<p><strong>Situaci\u00f3n alimentaria extrema en Rosario<\/strong><br \/>\nSof\u00eda Botto, directora del Isepci dijo que \u201cla preocupaci\u00f3n sobre la situaci\u00f3n alimentaria de las familias es extrema, en particular en los sectores de menores recursos que compran en las peque\u00f1as almacenes barriales\u00bb.<\/p>\n<p>Respecto a la din\u00e1mica de la Canasta B\u00e1sica Alimentaria, los productos de almac\u00e9n registraron m\u00e1s aumentos (113,18%), seguidos por los de carnicer\u00eda (96,16%) y verduler\u00eda (91,98%).<\/p>\n<p><strong>Qu\u00e9 alimentos prescinden las familias de Rosario<\/strong><br \/>\nLas familias bajaron sustancialmente el consumo de carnes, tambi\u00e9n de verduras y l\u00e1cteos. Estos datos se registraron en la investigaci\u00f3n colectiva realizada en Rosario sobre el\u00a0\u201cImpacto econ\u00f3mico en los hogares de mujeres y disidencias\u201d, presentada en el mes septiembre en el Concejo Municipal.<\/p>\n<p>En este \u00faltimo mes del a\u00f1o el Isepci elabor\u00f3, tambi\u00e9n en el marco del IBP, el costo de la canasta navide\u00f1a: $20.400 necesitar\u00e1 una familia para brindar en las fiestas de fin de a\u00f1o. Esta canasta sufri\u00f3 un aumento del 55% respecto a 2023.<\/p>\n<p>Sof\u00eda Botto, directora del Isepci en Santa Fe acerc\u00f3 unas reflexiones a partir de los datos mencionados:\u00a0\u201cLa preocupaci\u00f3n sobre la situaci\u00f3n alimentaria de las familias es extrema, en particular en los sectores de menores recursos que compran en las peque\u00f1as almacenes barriales. All\u00ed se expres\u00f3 el mayor aumento de precios. La fuerte disminuci\u00f3n en el consumo de carnes, verduras y l\u00e1cteos repercutir\u00e1 en la salud de la poblaci\u00f3n m\u00e1s desventajada.\u201d<\/p>\n<p>Luego agreg\u00f3: \u201cLas medidas econ\u00f3micas nacionales produjeron una\u00a0fuerte p\u00e9rdida de los ingresos\u00a0de gran parte de la poblaci\u00f3n; jubilados\/as, precarizados y pobres se llevan la peor parte. Ante esta situaci\u00f3n los Estados locales deben responsabilizarse y acompa\u00f1ar a quienes m\u00e1s lo necesitan\u201d<\/p>\n<h6>Fuente: La Capital<\/h6>\n","protected":false},"excerpt":{"rendered":"<p>Ese incremento, seg\u00fan expresaron desde el Isepci, se expresa en un aumento de precios interanual de 113,18%<br \/>\n26 de diciembre 2024\u00b714:00hs<\/p>\n","protected":false},"author":2,"featured_media":152778,"comment_status":"closed","ping_status":"closed","sticky":false,"template":"","format":"standard","meta":{"footnotes":""},"categories":[5],"tags":[10],"class_list":["post-152777","post","type-post","status-publish","format-standard","has-post-thumbnail","hentry","category-informe-economico","tag-santa-fe"],"_links":{"self":[{"href":"http:\/\/argentinamunicipal.com.ar\/argentina\/wp-json\/wp\/v2\/posts\/152777","targetHints":{"allow":["GET"]}}],"collection":[{"href":"http:\/\/argentinamunicipal.com.ar\/argentina\/wp-json\/wp\/v2\/posts"}],"about":[{"href":"http:\/\/argentinamunicipal.com.ar\/argentina\/wp-json\/wp\/v2\/types\/post"}],"author":[{"embeddable":true,"href":"http:\/\/argentinamunicipal.com.ar\/argentina\/wp-json\/wp\/v2\/users\/2"}],"replies":[{"embeddable":true,"href":"http:\/\/argentinamunicipal.com.ar\/argentina\/wp-json\/wp\/v2\/comments?post=152777"}],"version-history":[{"count":0,"href":"http:\/\/argentinamunicipal.com.ar\/argentina\/wp-json\/wp\/v2\/posts\/152777\/revisions"}],"wp:featuredmedia":[{"embeddable":true,"href":"http:\/\/argentinamunicipal.com.ar\/argentina\/wp-json\/wp\/v2\/media\/152778"}],"wp:attachment":[{"href":"http:\/\/argentinamunicipal.com.ar\/argentina\/wp-json\/wp\/v2\/media?parent=152777"}],"wp:term":[{"taxonomy":"category","embeddable":true,"href":"http:\/\/argentinamunicipal.com.ar\/argentina\/wp-json\/wp\/v2\/categories?post=152777"},{"taxonomy":"post_tag","embeddable":true,"href":"http:\/\/argentinamunicipal.com.ar\/argentina\/wp-json\/wp\/v2\/tags?post=152777"}],"curies":[{"name":"wp","href":"https:\/\/api.w.org\/{rel}","templated":true}]}}