{"id":152786,"date":"2024-12-30T05:13:05","date_gmt":"2024-12-30T08:13:05","guid":{"rendered":"http:\/\/argentinamunicipal.com.ar\/argentina\/?p=152786"},"modified":"2024-12-26T20:23:51","modified_gmt":"2024-12-26T23:23:51","slug":"arranca-la-temporada-shows-en-vivo-ferias-comidas-y-mas-propuestas-en-varios-destinos-de-las-sierras-cordobesas","status":"publish","type":"post","link":"http:\/\/argentinamunicipal.com.ar\/argentina\/arranca-la-temporada-shows-en-vivo-ferias-comidas-y-mas-propuestas-en-varios-destinos-de-las-sierras-cordobesas\/","title":{"rendered":"\u00a1Arranca la temporada! Shows en vivo, ferias, comidas y m\u00e1s propuestas en varios destinos de las sierras cordobesas"},"content":{"rendered":"<p>Una decena de municipios se suman este finde de semana a la apertura de la temporada de verano 2024-2025.<\/p>\n<p>El verano ya se palpita en la provincia y los destinos se preparan para una temporada que tiene muchas expectativas. En este marco, desde que arranc\u00f3 diciembre ya comenzaron a realizarse los eventos de apertura de temporada y continuar\u00e1n hasta los primeros d\u00edas de enero.<\/p>\n<p>Como la mayor\u00eda de estos eventos son gratuitos, vale la pena tenerlos en cuenta a la hora de salir a pasear por los distintos lugares tur\u00edsticos de la provincia.<\/p>\n<p><strong>La Cumbre<\/strong><br \/>\nEn el valle de Punilla, La Cumbre ser\u00e1 de los primeros destinos que presentan su propuesta tur\u00edstica en el mes de diciembre.<\/p>\n<p>El evento se realizar\u00e1 el viernes 13 de diciembre en la calle Caraffa a partir de las 21. Y contar\u00e1 con los shows en vivo de artistas como \u00c1ngel Mart\u00edn y Sin L\u00edmite Folk.<\/p>\n<p><strong>Villa Tulumba<\/strong><br \/>\nEl pueblo elegido entre los mejores del mundo por Best Tourism Villages de la Organizaci\u00f3n Mundial del Turismo tendr\u00e1 una apertura de temporada so\u00f1ada, luego de esta distinci\u00f3n hist\u00f3rica.<\/p>\n<p>La cita es el viernes 13 a las 21 Plaza Monumento Granadero Jos\u00e9 M\u00e1rquez donde contar\u00e1n con la destacada actuaci\u00f3n de Jairo y tambi\u00e9n de Mart\u00edn Bravo y Lucas Ib\u00e1\u00f1ez. Sin dudas ser\u00e1 una apertura para recordar.<\/p>\n<p><strong>Cabalango<\/strong><br \/>\nEsta ciudad serrana tuvo anoche su apertura de temporada veraniega en el Complejo Villa Piren y cont\u00f3 con show art\u00edstico y productores locales que ofrecieron degustaciones de productos t\u00edpicos.<\/p>\n<p><strong>Cosqu\u00edn<\/strong><br \/>\nEl s\u00e1bado 14 de diciembre desde las 20, Cosqu\u00edn, uno de los destinos m\u00e1s elegidos de cada verano, har\u00e1 su presentaci\u00f3n de la temporada tur\u00edstica. Se realizar\u00e1 en el epicentro del Festival de Folklore, en la Plaza Pr\u00f3spero Molina. All\u00ed, se podr\u00e1 disfrutar de m\u00fasica en vivo, food trucks, sorteos y visitas al Museo del Artesano (de 16 a 24 horas).<\/p>\n<p><strong>Agua de Oro<\/strong><br \/>\nEsta localidad de Sierras Chicas tendr\u00e1 su lanzamiento el s\u00e1bado desde las 18 en el Polideportivo Municipal. Con entrada libre y gratuita, se podr\u00e1 disfrutar de la m\u00fasica de Marcos Bainotti, Poneme Vivo, Paola Bernal y Las Leg\u00fceras del R\u00edo y DNI Folklore. Adem\u00e1s, actuar\u00e1 el ballet folkl\u00f3rico Sentir Serrano y el taller de Zumba.<\/p>\n<p><strong>Embalse<\/strong><br \/>\nEste s\u00e1bado, desde las 21:30, Embalse se viste de gala para el lanzamiento de su temporada tur\u00edstica. Ser\u00e1 en la Playa El Ceibo y adem\u00e1s de la apertura de temporada, se realizar\u00e1 la presentaci\u00f3n del Festival Embalse \u201cUn Canto a la Vida\u201d, el cl\u00e1sico evento que cada a\u00f1o re\u00fane a artistas variados.<\/p>\n<p><strong>R\u00edo Ceballos<\/strong><br \/>\nLa ciudad serrana ubicada a apenas unos minutos de C\u00f3rdoba capital, abrir\u00e1 su temporada el domingo 15 de diciembre a las 20.<\/p>\n<p>La cita es en el Polideportivo Jorge Newbery donde habr\u00e1 feria, food trucks y las actuaciones de Valentino Merlo, Los Herrera, DJ Cappe y De Party.<\/p>\n<p><strong>San Lorenzo<\/strong><br \/>\nEn este pueblo de Traslasierra se juntar\u00e1 el evento de apertura del verano con uno de los festivales que m\u00e1s representan la cultura cordobesa: la cuarta edici\u00f3n del Festival de la Jota cordobesa.<\/p>\n<p>El evento se har\u00e1 en dos d\u00edas, el s\u00e1bado 14 desde las 19, donde la entrada ser\u00e1 libre y gratuita y actuar\u00e1n Los Serranos de Achala, Luis L\u00f3pez, Mart\u00edn El Achale\u00f1o, Los Labreli, Las Voces de San Carlos, Lucas Oca\u00f1o y La Contra, La Mega Banda de Rodrigo y Patricia Parada. Adem\u00e1s actuar\u00e1n ballets zonales, regionales y provinciales.<\/p>\n<p>Mientras que el domingo 15, la actividad comenzar\u00e1 desde las 10 con una gran jineteada y la entrada tendr\u00e1 costo. Los residentes abonar\u00e1n $5.000, los no residentes $6.000 y en la puerta saldr\u00e1 $8.000. Contar\u00e1 con la actuaci\u00f3n de Paquito Oca\u00f1o, Estampas Tulumbanas y Canto Chuncano. Durante ambos d\u00edas, la fiesta se llevar\u00e1 a cabo en el predio comunal.<\/p>\n<h6>Fuente: La Nueva Ma\u00f1ana<\/h6>\n","protected":false},"excerpt":{"rendered":"<p>Una decena de municipios se suman este finde de semana a la apertura de la temporada de verano 2024-2025.<\/p>\n","protected":false},"author":2,"featured_media":152787,"comment_status":"closed","ping_status":"closed","sticky":false,"template":"","format":"standard","meta":{"footnotes":""},"categories":[47],"tags":[3],"class_list":["post-152786","post","type-post","status-publish","format-standard","has-post-thumbnail","hentry","category-fiestas","tag-cordoba"],"_links":{"self":[{"href":"http:\/\/argentinamunicipal.com.ar\/argentina\/wp-json\/wp\/v2\/posts\/152786","targetHints":{"allow":["GET"]}}],"collection":[{"href":"http:\/\/argentinamunicipal.com.ar\/argentina\/wp-json\/wp\/v2\/posts"}],"about":[{"href":"http:\/\/argentinamunicipal.com.ar\/argentina\/wp-json\/wp\/v2\/types\/post"}],"author":[{"embeddable":true,"href":"http:\/\/argentinamunicipal.com.ar\/argentina\/wp-json\/wp\/v2\/users\/2"}],"replies":[{"embeddable":true,"href":"http:\/\/argentinamunicipal.com.ar\/argentina\/wp-json\/wp\/v2\/comments?post=152786"}],"version-history":[{"count":0,"href":"http:\/\/argentinamunicipal.com.ar\/argentina\/wp-json\/wp\/v2\/posts\/152786\/revisions"}],"wp:featuredmedia":[{"embeddable":true,"href":"http:\/\/argentinamunicipal.com.ar\/argentina\/wp-json\/wp\/v2\/media\/152787"}],"wp:attachment":[{"href":"http:\/\/argentinamunicipal.com.ar\/argentina\/wp-json\/wp\/v2\/media?parent=152786"}],"wp:term":[{"taxonomy":"category","embeddable":true,"href":"http:\/\/argentinamunicipal.com.ar\/argentina\/wp-json\/wp\/v2\/categories?post=152786"},{"taxonomy":"post_tag","embeddable":true,"href":"http:\/\/argentinamunicipal.com.ar\/argentina\/wp-json\/wp\/v2\/tags?post=152786"}],"curies":[{"name":"wp","href":"https:\/\/api.w.org\/{rel}","templated":true}]}}