{"id":152811,"date":"2024-12-27T06:41:17","date_gmt":"2024-12-27T09:41:17","guid":{"rendered":"http:\/\/argentinamunicipal.com.ar\/argentina\/?p=152811"},"modified":"2024-12-27T06:41:17","modified_gmt":"2024-12-27T09:41:17","slug":"la-legislatura-aprobo-la-creacion-de-la-agencia-de-turismo-de-rio-negro","status":"publish","type":"post","link":"http:\/\/argentinamunicipal.com.ar\/argentina\/la-legislatura-aprobo-la-creacion-de-la-agencia-de-turismo-de-rio-negro\/","title":{"rendered":"La Legislatura aprob\u00f3 la creaci\u00f3n de la Agencia de Turismo de R\u00edo Negro"},"content":{"rendered":"<p>En la jornada de ayer, y por unanimidad, se aprob\u00f3 en la Legislatura la creaci\u00f3n de la Agencia de Turismo provincial \u2013ATUR-, que incluir\u00e1 la participaci\u00f3n del sector privado en la toma de decisiones. El proceso previo incluy\u00f3 m\u00e1s de 50 reuniones con actores del rubro y la realizaci\u00f3n de dos workshops de trabajo, uno en Bariloche y otro en Las Grutas.<\/p>\n<p>El objetivo de la agencia se centra en la importancia del turismo como actividad productiva, en sinton\u00eda con los lineamientos estrat\u00e9gicos del Gobierno de R\u00edo Negro,\u00a0creando corredores y circuitos tur\u00edsticos, fomentando el desarrollo de nuevos productos, impulsando a los destinos emergentes\u00a0y fortaleciendo a los ya consolidados.<\/p>\n<p>\u201cLa agencia tendr\u00e1 un impacto positivo para toda la provincia, ya que estamos dando una mirada absolutamente diferente, tal como nos lo plante\u00f3 el Gobernador Weretilneck hace un par de meses, para transformar la manera de gestionar el turismo, con un mecanismo much\u00edsimo m\u00e1s din\u00e1mico\u201d, dijo el ministro de Gobierno, Trabajo y Turismo, Fabi\u00e1n Gatti.<\/p>\n<p>El funcionario destac\u00f3 la necesidad de \u201ccolaboraci\u00f3n entre el sector p\u00fablico y el privado, porque esto significa compartir con quienes m\u00e1s saben de la gesti\u00f3n del turismo, en una provincia eminentemente tur\u00edstica\u201d.<\/p>\n<p>\u201cHay una cuesti\u00f3n muy importante en cuanto a la gesti\u00f3n de las dos herramientas fundamentales que tiene la agencia, que son las inversiones que van a la promoci\u00f3n y las que van a infraestructura. Todo este nuevo modelo de gesti\u00f3n permite a quienes van a llevarlo adelante la posibilidad de superar la burocracia tradicional del Estado, que no acompa\u00f1a el ritmo que necesita la actividad\u201d, dijo.<\/p>\n<p>La nueva Agencia contar\u00e1 con un Directorio de car\u00e1cter p\u00fablico-privado, con representaci\u00f3n de las cuatro regiones: Cordillera, Mar, Estepa y Valle; la participaci\u00f3n de los municipios, las comisiones de fomento y comunas que integran el territorio rionegrino, as\u00ed como los entes aut\u00e1rquicos descentralizados.<\/p>\n<h6>Fuente: El Diario de Madryn<\/h6>\n","protected":false},"excerpt":{"rendered":"<p>En la jornada de ayer, y por unanimidad, se aprob\u00f3 en la Legislatura la creaci\u00f3n de la\u00a0Agencia de Turismo provincial \u2013ATUR-, que incluir\u00e1 la participaci\u00f3n del sector privado en la toma de decisiones.<\/p>\n","protected":false},"author":2,"featured_media":152812,"comment_status":"closed","ping_status":"closed","sticky":false,"template":"","format":"standard","meta":{"footnotes":""},"categories":[65],"tags":[11],"class_list":["post-152811","post","type-post","status-publish","format-standard","has-post-thumbnail","hentry","category-provincias","tag-rio-negro"],"_links":{"self":[{"href":"http:\/\/argentinamunicipal.com.ar\/argentina\/wp-json\/wp\/v2\/posts\/152811","targetHints":{"allow":["GET"]}}],"collection":[{"href":"http:\/\/argentinamunicipal.com.ar\/argentina\/wp-json\/wp\/v2\/posts"}],"about":[{"href":"http:\/\/argentinamunicipal.com.ar\/argentina\/wp-json\/wp\/v2\/types\/post"}],"author":[{"embeddable":true,"href":"http:\/\/argentinamunicipal.com.ar\/argentina\/wp-json\/wp\/v2\/users\/2"}],"replies":[{"embeddable":true,"href":"http:\/\/argentinamunicipal.com.ar\/argentina\/wp-json\/wp\/v2\/comments?post=152811"}],"version-history":[{"count":0,"href":"http:\/\/argentinamunicipal.com.ar\/argentina\/wp-json\/wp\/v2\/posts\/152811\/revisions"}],"wp:featuredmedia":[{"embeddable":true,"href":"http:\/\/argentinamunicipal.com.ar\/argentina\/wp-json\/wp\/v2\/media\/152812"}],"wp:attachment":[{"href":"http:\/\/argentinamunicipal.com.ar\/argentina\/wp-json\/wp\/v2\/media?parent=152811"}],"wp:term":[{"taxonomy":"category","embeddable":true,"href":"http:\/\/argentinamunicipal.com.ar\/argentina\/wp-json\/wp\/v2\/categories?post=152811"},{"taxonomy":"post_tag","embeddable":true,"href":"http:\/\/argentinamunicipal.com.ar\/argentina\/wp-json\/wp\/v2\/tags?post=152811"}],"curies":[{"name":"wp","href":"https:\/\/api.w.org\/{rel}","templated":true}]}}