{"id":15282,"date":"2014-09-26T09:07:52","date_gmt":"2014-09-26T12:07:52","guid":{"rendered":"http:\/\/argentinamunicipal.com.ar\/argentina\/?p=15282"},"modified":"2014-09-26T09:16:55","modified_gmt":"2014-09-26T12:16:55","slug":"los-concejales-de-santa-fe-ratificaron-su-apoyo-para-el-traslado-del-puerto","status":"publish","type":"post","link":"http:\/\/argentinamunicipal.com.ar\/argentina\/los-concejales-de-santa-fe-ratificaron-su-apoyo-para-el-traslado-del-puerto\/","title":{"rendered":"Los Concejales de Santa Fe ratificaron su apoyo para el traslado del Puerto"},"content":{"rendered":"<p><a href=\"http:\/\/argentinamunicipal.com.ar\/argentina\/wp-content\/uploads\/2014\/09\/628c156468c43076b8207cd18fda866b-Regata_Copa_Challenger_Puerto_Santa_Fe_476.jpg\"><img loading=\"lazy\" decoding=\"async\" class=\"aligncenter size-full wp-image-15283\" src=\"http:\/\/argentinamunicipal.com.ar\/argentina\/wp-content\/uploads\/2014\/09\/628c156468c43076b8207cd18fda866b-Regata_Copa_Challenger_Puerto_Santa_Fe_476.jpg\" alt=\"628c156468c43076b8207cd18fda866b-Regata_Copa_Challenger_Puerto_Santa_Fe_476\" width=\"640\" height=\"480\" srcset=\"http:\/\/argentinamunicipal.com.ar\/argentina\/wp-content\/uploads\/2014\/09\/628c156468c43076b8207cd18fda866b-Regata_Copa_Challenger_Puerto_Santa_Fe_476.jpg 640w, http:\/\/argentinamunicipal.com.ar\/argentina\/wp-content\/uploads\/2014\/09\/628c156468c43076b8207cd18fda866b-Regata_Copa_Challenger_Puerto_Santa_Fe_476-300x225.jpg 300w\" sizes=\"auto, (max-width: 640px) 100vw, 640px\" \/><\/a><br \/>\nRepresentantes de todos los bloques pol\u00edticos del cuerpo legislativo se reunieron con referentes de la UTE NTM Santa Fe, oferente para realizar las tareas de reubicaci\u00f3n de la terminal fluvial.<\/p>\n<p>Concejales pertenecientes a las distintas fuerzas pol\u00edticas que componen el Concejo participaron de una reuni\u00f3n con representantes de la empresa oferente para el traslado del Puerto. En la ocasi\u00f3n, pudieron conocer los pormenores y detalles del proyecto que se lleva adelante. Ocurri\u00f3 esta tarde en un encuentro desarrollado en la Ciudad Aut\u00f3noma de Buenos Aires.<\/p>\n<p>\u201cTodos los Concejales estamos convencidos que debemos ratificar, todos los d\u00edas, nuestra voluntad para que la reconversi\u00f3n de nuestro Puerto se lleve adelante porque parte del futuro de nuestra ciudad y de nuestra regi\u00f3n dependen de que este proceso llegue a su fin por los carriles correspondientes\u201d, fueron las palabras utilizadas por el presidente del Concejo Municipal, Leonardo Simoniello, al momento de sintetizar las sensaciones de una reuni\u00f3n desarrollada este mi\u00e9rcoles en la Ciudad Aut\u00f3noma de Buenos Aires.<\/p>\n<p>El encuentro tuvo como protagonistas a autoridades del Concejo e integrantes de la Comisi\u00f3n Municipal \u201cReconversi\u00f3n del Puerto de Santa Fe\u201d quienes se reunieron con representantes de la Uni\u00f3n Temporal de Empresas \u201cNTM Santa Fe\u201d -UTE-, a cargo de las obras de reconversi\u00f3n y traslado del Puerto de Santa Fe.<\/p>\n<p>Adem\u00e1s del Presidente del Cuerpo, a la convocatoria -desarrollada en la sede de una de las firmas ubicada en avenida Alicia Moreau de Justo 1080-, asistieron los concejales Ariel Rodr\u00edguez, Adriana Molina, Leandro Gonz\u00e1lez y Cristina Quinteros (FPCyS-UCR); Sebasti\u00e1n Pignata, Ignacio Mart\u00ednez Kerz y Juan Jos\u00e9 Saleme (Bloque Justicialista &#8211; Santa Fe es una sola); Cristian Huser y Fernando Fleitas (Santafesino 100%); y Tom\u00e1s Norman (Uni\u00f3n Pro Federal). Tambi\u00e9n, estuvieron el secretario de Finanzas del Concejo, Mat\u00edas Schm\u00fcth; y Jos\u00e9 y Gustavo Derisi (Sociedad Comercial del Sur), Gustavo De la Sota (Mar\u00edtima Austral), Yolanda Alvarenga Cantero (Puerto F\u00e9nix), y Eduardo Hoslot y Eduardo Larramendi (House to House); todos por la empresa oferente UTE.<\/p>\n<p>Leonardo Simoniello agreg\u00f3 que \u201cel hecho que estemos todos juntos es para demostrar que la ciudad de Santa Fe en su conjunto est\u00e1 comprometida para la reconversi\u00f3n del Puerto. Venimos a ratificar desde todos los sectores lo que muchas veces hemos proclamado y es la expresi\u00f3n m\u00e1s cabal que pueden encontrar de cualquier reuni\u00f3n por la pluralidad de los distintos puntos de vista\u201d.<\/p>\n<h3>La palabra de los Concejales<\/h3>\n<p>Luego de la reuni\u00f3n, legisladores de cada uno de los Bloques dejaron sus apreciaciones al respecto.<\/p>\n<p><strong>Ignacio Mart\u00ednez Kerz<\/strong> (Bloque Justicialista &#8211; Santa Fe es una sola): \u201cCelebramos esta situaci\u00f3n, en el sentido que es la primera vez que nosotros podemos conocer de primera mano el proyecto que la empresa present\u00f3 ya que desde nuestra fuerza pol\u00edtica no hab\u00edamos tenido esa oportunidad. Sin dudas que estamos ac\u00e1 porque entendemos que es uno de los ejes estrat\u00e9gicos para el desarrollo de la ciudad. Todos queremos que esto salga bien y es para nosotros un primer paso importante\u201d.<\/p>\n<p><strong>Tom\u00e1s Norman<\/strong> (Uni\u00f3n Pro Federal): \u201cMe han logrado entusiasmar con la presentaci\u00f3n. Esto es muy importante para nuestra ciudad por lo que significa y por lo que en alg\u00fan momento hizo crecer a Santa Fe. Ahora parece que estamos un poco m\u00e1s cerca a pesar de nuestros temores por tantos intentos fallidos en el pasado. Estamos tratando de bridar un apoyo institucional desde la pol\u00edtica para limpiar el camino\u201d.<\/p>\n<p><strong>Fernando Fleitas (<\/strong>Santafesino 100%): \u201cHa sido muy positivo; tuvimos la posibilidad de conocer su espacio f\u00edsico, de presentar todas las dudas de este proyecto del cual todos estamos de acuerdo que es fundamental para Santa Fe. Las posibilidades son inmensas y con un techo que no sabemos lo que se puede generar en cuanto al empleo y la producci\u00f3n de la regi\u00f3n. Nuestra satisfacci\u00f3n por el entusiasmo de estos representantes que hoy nos recibieron\u201d.<\/p>\n<p><strong>Ariel Rodr\u00edguez<\/strong> (FPCyS-UCR): \u201cSomos conscientes que es un escenario complejo y que hay muchos intereses cruzados y queremos transmitir que somos conscientes de eso. Tambi\u00e9n entendemos y somos respetuosos del proceso licitatorio, pero creemos que esto es el inicio y que hay un Cuerpo que entiende a este proceso como una pol\u00edtica de desarrollo\u201d.<\/p>\n<p><strong>Adriana Molina<\/strong> (FPCyS-UCR): \u201cDesde el Concejo Municipal tenemos distintas posiciones sobre diferentes temas, pero en relaci\u00f3n a esta pol\u00edtica de Estado que es la reconversi\u00f3n del Puerto, entendemos que forma parte del desarrollo de la ciudad y la Provincia. Esto nos encuentra juntos de manera institucional y por eso nos pareci\u00f3 importante haber venido y dejar de lado nuestras dudas y seguir vincul\u00e1ndonos de este modo. Y para que se entienda este compromiso es por eso que desde el Concejo Municipal se cre\u00f3 una Comisi\u00f3n de Seguimiento al respecto hace 2 a\u00f1os atr\u00e1s\u201d.<\/p>\n<p><strong>Leandro Gonz\u00e1lez<\/strong> (FPCyS-UCR): \u201cQuiero destacar la rapidez de esta primera reuni\u00f3n que nos entusiasmo a todos. Este es un tema que en estos \u00faltimos 30 a\u00f1os de democracia est\u00e1 por sobre cualquier discusi\u00f3n pol\u00edtica y que se congreguen estos consensos es muy importante para todos. Quiero remarcar que constituye una pol\u00edtica de Estado y que significa una estrategia de crecimiento para el futuro de la ciudad\u201d.<\/p>\n<p><strong>Sebasti\u00e1n Pignata<\/strong> (Bloque Justicialista &#8211; Santa Fe es una sola): \u201cQuiero destacar que estemos todos juntos aqu\u00ed por este mismo prop\u00f3sito. Agradecemos a la empresa por lo que fue la presentaci\u00f3n y el informe que nos brindaron. Necesitamos insistir en este tema, y si hace falta venir las veces que hagan falta, y que los empresarios tambi\u00e9n vayan a Santa Fe y que se convoque a todos los sectores de la pol\u00edtica para que desde todos los \u00e1mbitos tambi\u00e9n est\u00e9n comprometidos. Necesitamos avanzar en este tipo de instancias y manifestamos nuestro apoyo para que contin\u00fae este proceso\u201d.<\/p>\n<p><strong>Juan Jos\u00e9 Saleme<\/strong> (Bloque Justicialista &#8211; Santa Fe es una sola): \u201cQuiero resaltar que todos los Concejales entendemos que esto no tiene que ver con una discusi\u00f3n partidaria. Al contrario, es un compromiso que nos involucra a todos ya que representa los intereses de todos los santafesinos. Estamos convencidos que esto permitir\u00e1 el desarrollo de todo el centro norte provincial\u201d.<\/p>\n<h3>Gesti\u00f3n<\/h3>\n<p>El encuentro fue gestionado en forma conjunta entre la Presidencia del Concejo Municipal y el nuevo presidente del Ente Administrador del Puerto, Sebasti\u00e1n Fumis; luego del pedido que le realizaran los Concejales en una reuni\u00f3n la semana pasada. Cabe se\u00f1alar que UTE \u201cNTM Santa Fe\u201d, oferente al que se le adjudic\u00f3 el proyecto luego del proceso de licitaci\u00f3n, es una fusi\u00f3n conformada por Compa\u00f1\u00eda Mar\u00edtima Austral S.A. (Argentina), Puerto F\u00e9nix (Paraguay), Sociedad Comercial del Sur S.A. (Argentina) y House to House S.A. (Argentina).<\/p>\n<p>Por parte de la empresa, Gustavo De la Sota coment\u00f3 que \u201cnuestro entusiasmo es como el del primer d\u00eda, estamos trabajando desde nuestras casas matrices en un tema que va a salir y que tiene que salir, pero pendientes de otras cuestiones como la de la construcci\u00f3n del Puente cuya obligaci\u00f3n la tiene el Estado Nacional. Si el Puerto se comienza a construir, y si llega a buen t\u00e9rmino; ser\u00e1 algo que el Estado deber\u00e1 cumplir.<\/p>\n<p>Es por eso que creemos que a pesar de las vicisitudes econ\u00f3micas es algo que tendr\u00e1 que ocurrir finalmente\u201d. En tanto, Ernesto Larramendi celebr\u00f3 que \u201cpara nosotros que vengan hasta ac\u00e1 todos los representantes del Concejo Municipal de Santa Fe, significa un gran gesto. Sin dudas, es un d\u00eda muy importante\u201d.<\/p>\n<h6>Fuente: Uno, Santa Fe<\/h6>\n","protected":false},"excerpt":{"rendered":"<p>Representantes de todos los bloques pol\u00edticos del cuerpo legislativo se reunieron con referentes de la UTE NTM Santa Fe, oferente para realizar las tareas de reubicaci\u00f3n de la terminal fluvial. Concejales pertenecientes a las distintas fuerzas pol\u00edticas que componen el Concejo participaron de una reuni\u00f3n con representantes de la empresa oferente para el traslado del<\/p>\n","protected":false},"author":2,"featured_media":15283,"comment_status":"closed","ping_status":"closed","sticky":false,"template":"","format":"standard","meta":{"footnotes":""},"categories":[2,4],"tags":[10],"class_list":["post-15282","post","type-post","status-publish","format-standard","has-post-thumbnail","hentry","category-informe-municipal","category-informe-politico","tag-santa-fe"],"_links":{"self":[{"href":"http:\/\/argentinamunicipal.com.ar\/argentina\/wp-json\/wp\/v2\/posts\/15282","targetHints":{"allow":["GET"]}}],"collection":[{"href":"http:\/\/argentinamunicipal.com.ar\/argentina\/wp-json\/wp\/v2\/posts"}],"about":[{"href":"http:\/\/argentinamunicipal.com.ar\/argentina\/wp-json\/wp\/v2\/types\/post"}],"author":[{"embeddable":true,"href":"http:\/\/argentinamunicipal.com.ar\/argentina\/wp-json\/wp\/v2\/users\/2"}],"replies":[{"embeddable":true,"href":"http:\/\/argentinamunicipal.com.ar\/argentina\/wp-json\/wp\/v2\/comments?post=15282"}],"version-history":[{"count":0,"href":"http:\/\/argentinamunicipal.com.ar\/argentina\/wp-json\/wp\/v2\/posts\/15282\/revisions"}],"wp:featuredmedia":[{"embeddable":true,"href":"http:\/\/argentinamunicipal.com.ar\/argentina\/wp-json\/wp\/v2\/media\/15283"}],"wp:attachment":[{"href":"http:\/\/argentinamunicipal.com.ar\/argentina\/wp-json\/wp\/v2\/media?parent=15282"}],"wp:term":[{"taxonomy":"category","embeddable":true,"href":"http:\/\/argentinamunicipal.com.ar\/argentina\/wp-json\/wp\/v2\/categories?post=15282"},{"taxonomy":"post_tag","embeddable":true,"href":"http:\/\/argentinamunicipal.com.ar\/argentina\/wp-json\/wp\/v2\/tags?post=15282"}],"curies":[{"name":"wp","href":"https:\/\/api.w.org\/{rel}","templated":true}]}}