{"id":152841,"date":"2024-12-31T05:27:33","date_gmt":"2024-12-31T08:27:33","guid":{"rendered":"http:\/\/argentinamunicipal.com.ar\/argentina\/?p=152841"},"modified":"2024-12-30T06:31:30","modified_gmt":"2024-12-30T09:31:30","slug":"proponen-que-el-agua-y-los-humedales-tengan-personeria-juridica-en-la-nueva-constitucion-provincial-santafesina","status":"publish","type":"post","link":"http:\/\/argentinamunicipal.com.ar\/argentina\/proponen-que-el-agua-y-los-humedales-tengan-personeria-juridica-en-la-nueva-constitucion-provincial-santafesina\/","title":{"rendered":"Proponen que el agua y los humedales tengan personer\u00eda jur\u00eddica en la nueva Constituci\u00f3n provincial santafesina"},"content":{"rendered":"<p>Desde la C\u00e1tedra del Agua aseguraron que se trata de una propuesta in\u00e9dita a nivel nacional e internacional. \u00abSanta Fe ser\u00eda pionera\u00bb, destacaron<\/p>\n<p>La C\u00e1tedra del Agua de la Universidad Nacional de Rosario (UNR) propuso que en la reforma de la Constituci\u00f3n santafesina el recurso h\u00eddrico y los humedales tengan personer\u00eda jur\u00eddica y que se declare el acceso al agua como un derecho humano. \u00abSanta Fe se convertir\u00eda en la primera provincia en promover este reconocimiento\u00bb, destac\u00f3 el fundador de ese \u00e1rea, An\u00edbal Faccendini, quien dirige el Centro Interdisciplinario del Agua de la UNR. Se estima que a\u00fan hay 250 mil habitantes de la provincia que no pueden acceder al consumo de agua potable de manera segura.<\/p>\n<p>La propuesta se present\u00f3 en la Defensor\u00eda del Pueblo ante el defensor del pueblo provincial, Gabriel Sabino, quien consider\u00f3 \u00abmuy positiva\u00bb la iniciativa elevada y se comprometi\u00f3 a realizar las gestiones correspondientes para que la misma pueda formar parte dentro de las normas que se tratar\u00e1n en la reforma de la Carta Magna provincial.<\/p>\n<p>En declaraciones a\u00a0La Capital, Faccendini dijo que el propio Sabino \u00abva a realizar las gestiones correspondientes\u00a0para que la propuesta pueda discutirse en la Convenci\u00f3n Constituyente de 2025\u00bb.<\/p>\n<p><strong>El agua y los humedales con derecho propio<\/strong><br \/>\nSeg\u00fan explic\u00f3 Faccendini, esta iniciativa elevar\u00eda el recurso h\u00eddrico y los humedales a\u00a0\u00absujeto de derechos\u00bb.<\/p>\n<p>\u00abHubo una positiva aceptaci\u00f3n a la propuesta,\u00a0in\u00e9dita tanto a nivel nacional como internacional\u00bb, valor\u00f3 Faccendini, quien viene luchando por los derechos del recurso natural desde hace muchos a\u00f1os.<\/p>\n<p>Asimismo, asegur\u00f3 que \u00abreconocer la personer\u00eda jur\u00eddica del agua y los humedales har\u00eda que Santa Fe sea el primer Estado subnacional que establezca esto a nivel internacional\u00bb.<\/p>\n<p><strong>Protecci\u00f3n, concientizaci\u00f3n y desarrollo inclusivo<\/strong><br \/>\n\u00abEllo implica que tenemos y debemos respetar los derechos del agua y humedales de no contaminar, de respetar y no derrochar. De\u00a0ser amigables para toda vida humana\u00a0y no humana. El agua y los humedales brindan equilibrio ecosist\u00e9mico\u00bb, se\u00f1al\u00f3.<\/p>\n<p>Argument\u00f3, en ese sentido, que \u00aben la crisis del agua del siglo XXI, la idea es proteger tambi\u00e9n el desarrollo econ\u00f3mico armonioso\u00bb.<\/p>\n<p>\u00abEl planteo del ambientalismo inclusivo de la direcci\u00f3n de la C\u00e1tedra del Agua es que el desarrollo econ\u00f3mico sea inclusivo. La vida abarca todo y debemos cuidarla.\u00a0La vida es simple, pero no podemos verla porque nos enceguecen las ambiciones sin l\u00edmites\u00bb, reflexion\u00f3 el docente.<\/p>\n<p><strong>Una reuni\u00f3n positiva<\/strong><br \/>\n\u00abEl resultado de la reuni\u00f3n fue altamente positivo, ya que Sabino apoy\u00f3 la iniciativa,\u00a0las propuestas que elevamos y las ideas proyectadas desde los espacios acad\u00e9micos de la UNR\u00bb, se\u00f1al\u00f3 Faccendini, quien estuvo acompa\u00f1ado por Daniel El\u00edas, integrante de la C\u00e1tedra del Agua, que se dicta en la Facultad de Ciencia Pol\u00edtica y Relaciones Internacionales de la UNR.<\/p>\n<p><strong>Propuesta ante la nueva Constituci\u00f3n santafesina<\/strong><br \/>\nEn concreto, la iniciativa elevada ante la Defensor\u00eda provincial para que sea incluida en la Convenci\u00f3n Constituyente del 2025 se\u00f1ala: \u00abEl\u00a0acceso al agua y al saneamiento es un derecho humano esencial. El agua de superficie y subterr\u00e1nea, y los humedales de competencia del Estado provincial, tienen personer\u00edas jur\u00eddicas. Son persona no humanas sujetas de derechos. Es responsabilidad principal e indelegable del Estado de Santa Fe la gesti\u00f3n, desarrollo y eficacia de los derechos y bienes jur\u00eddicos aqu\u00ed establecidos\u00bb.<\/p>\n<p>En ese marco, Faccendini se\u00f1al\u00f3:\u00a0\u00abEste art\u00edculo proteger\u00eda el derecho humano al agua y al saneamiento, al agua dulce, a los humedales que en su diversidad componen un ambiente sano y el aire. Porque los humedales son un gran regulador en la purificaci\u00f3n y regulador del agua y el aire\u00bb.<\/p>\n<p>En tanto, explic\u00f3 que el organismo que defienda la personer\u00eda del agua de superficie y subterr\u00e1nea ser\u00eda la Defensor\u00eda del Pueblo de Santa Fe conjuntamente con un Consejo Vinculativo, compuesto por las universidades nacionales de la provincia, entidades ambientalistas, culturales, sociales, sindicales, entidades econ\u00f3micas, tur\u00edsticas, industriales y agroganaderas.<\/p>\n<p><strong>Agua, un recurso al que no todos pueden acceder<\/strong><br \/>\nFaccendini consign\u00f3 que no todos los habitantes de la provincia tienen acceso libre.<\/p>\n<p>\u00abEntre los inconvenientes, figuran la falta de red de distribuci\u00f3n sanitaria y tambi\u00e9n\u00a0muchos habitantes no cuentan con suministro de agua potable en su domicilio durante las 24 horas\u00bb, mencion\u00f3.<\/p>\n<p>Agreg\u00f3 que a eso se suma \u00abla falta de presi\u00f3n del suministro, que no llega a los 7 metros de presi\u00f3n todos los d\u00edas. Ser\u00edan aproximadamente\u00a0m\u00e1s de 250 mil personas las que no pueden acceder de manera segura al agua\u00bb.<\/p>\n<h6>Fuente: Uno<\/h6>\n","protected":false},"excerpt":{"rendered":"<p>Desde la C\u00e1tedra del Agua aseguraron que se trata de una propuesta in\u00e9dita a nivel nacional e internacional. \u00abSanta Fe ser\u00eda pionera\u00bb, destacaron<\/p>\n","protected":false},"author":2,"featured_media":152842,"comment_status":"closed","ping_status":"closed","sticky":false,"template":"","format":"standard","meta":{"footnotes":""},"categories":[4],"tags":[10],"class_list":["post-152841","post","type-post","status-publish","format-standard","has-post-thumbnail","hentry","category-informe-politico","tag-santa-fe"],"_links":{"self":[{"href":"http:\/\/argentinamunicipal.com.ar\/argentina\/wp-json\/wp\/v2\/posts\/152841","targetHints":{"allow":["GET"]}}],"collection":[{"href":"http:\/\/argentinamunicipal.com.ar\/argentina\/wp-json\/wp\/v2\/posts"}],"about":[{"href":"http:\/\/argentinamunicipal.com.ar\/argentina\/wp-json\/wp\/v2\/types\/post"}],"author":[{"embeddable":true,"href":"http:\/\/argentinamunicipal.com.ar\/argentina\/wp-json\/wp\/v2\/users\/2"}],"replies":[{"embeddable":true,"href":"http:\/\/argentinamunicipal.com.ar\/argentina\/wp-json\/wp\/v2\/comments?post=152841"}],"version-history":[{"count":0,"href":"http:\/\/argentinamunicipal.com.ar\/argentina\/wp-json\/wp\/v2\/posts\/152841\/revisions"}],"wp:featuredmedia":[{"embeddable":true,"href":"http:\/\/argentinamunicipal.com.ar\/argentina\/wp-json\/wp\/v2\/media\/152842"}],"wp:attachment":[{"href":"http:\/\/argentinamunicipal.com.ar\/argentina\/wp-json\/wp\/v2\/media?parent=152841"}],"wp:term":[{"taxonomy":"category","embeddable":true,"href":"http:\/\/argentinamunicipal.com.ar\/argentina\/wp-json\/wp\/v2\/categories?post=152841"},{"taxonomy":"post_tag","embeddable":true,"href":"http:\/\/argentinamunicipal.com.ar\/argentina\/wp-json\/wp\/v2\/tags?post=152841"}],"curies":[{"name":"wp","href":"https:\/\/api.w.org\/{rel}","templated":true}]}}